{"id":5633,"date":"2009-07-17T11:57:10","date_gmt":"2009-07-17T15:57:10","guid":{"rendered":"http:\/\/www.redenoticia.com.br\/noticia\/?p=5633"},"modified":"2009-07-17T11:57:10","modified_gmt":"2009-07-17T15:57:10","slug":"previsao-do-tempo-para-o-fim-de-semana-indica-tempo-seco-no-sul-e-chuvas-em-parte-do-sudeste-e-norte","status":"publish","type":"post","link":"https:\/\/migracao.redenoticia.com.br\/noticia\/2009\/previsao-do-tempo-para-o-fim-de-semana-indica-tempo-seco-no-sul-e-chuvas-em-parte-do-sudeste-e-norte\/5633","title":{"rendered":"Previs\u00e3o do Tempo para o fim de semana indica tempo seco no sul e chuvas em parte do Sudeste e Norte"},"content":{"rendered":"<p>Chuvas tamb\u00e9m no litoral nordestino e centro e oeste da Regi\u00e3o Norte. No Centro-Oeste, sol e calor. Neste s\u00e1bado a frente fria se afasta da Regi\u00e3o Sul e retorna uma condi\u00e7\u00e3o de tempo seco, com sol entre nuvens para a maior parte das localidades. Apenas no litoral e parte do noroeste do Paran\u00e1, ainda h\u00e1 previs\u00e3o de chuvas fracas e isoladas. A presen\u00e7a de uma massa de ar polar deixa as temperaturas baixas na Regi\u00e3o, com m\u00ednima entre 3\u00b0C e 5\u00b0C no centro e nordeste do Rio Grande e sul de Santa Catarina. A m\u00e1xima n\u00e3o passa dos 19\u00b0C no Rio Grande do Sul e em Santa Catarina e chega a 25\u00b0C no noroeste do Paran\u00e1.<\/p>\n<p>Ao longo do dia a frente fria avan\u00e7a pelo Pa\u00eds e muda o tempo na faixa leste do Estado de S\u00e3o Paulo, \u00e1rea que engloba a Capital, Litoral, Vales do Para\u00edba e do Ribeira e Serra da Mantiqueira. A temperatura entra em decl\u00ednio e a partir do final da tarde, a sensa\u00e7\u00e3o ser\u00e1 de frio. J\u00e1 no interior do Estado de S\u00e3o Paulo, o tempo permanecendo seco, ensolarado e quente ao longo de todo o dia. No Rio de Janeiro, o dia ser\u00e1 muito aproveit\u00e1vel, j\u00e1 que as chuvas vir\u00e3o apenas a partir do final do dia. J\u00e1 em Minas e Esp\u00edrito Santo, espera-se um s\u00e1bado com sol e calor.<\/p>\n<p>O sol e o calor tamb\u00e9m predominam em boa parte do Centro-Oeste, com m\u00e1xima de mais de 35\u00b0C no noroeste de Mato Grosso. De acordo com os meteorologistas da Somar, \u00e1reas de instabilidade causam chuvas fracas e isoladas apenas no sudoeste e sul do Estado.<\/p>\n<p>No Nordeste, as chuvas ainda ser\u00e3o fortes, por\u00e9m localizadas na costa da Para\u00edba e litoral oeste do Maranh\u00e3o. Tamb\u00e9m chove fraco no litoral norte da Bahia, litoral do Rio Grande do Norte e no leste e litoral do Cear\u00e1. No interior do Nordeste, o sol predomina e n\u00e3o h\u00e1 previs\u00e3o de chuvas. A temperatura entra em eleva\u00e7\u00e3o e a m\u00e1xima chega a 25\u00b0C no centro e leste da Bahia e entre o leste de Alagoas e litoral do Rio Grande do Norte. Entre o Maranh\u00e3o e o oeste do Rio Grande do Norte, a m\u00e1xima alcan\u00e7a 34\u00b0C. No Norte do Pa\u00eds, as chuvas na forma de pancadas atingem o centro, oeste e norte da Regi\u00e3o.<\/p>\n<p>Litoral<br \/>\nPrevis\u00e3o de ventos fortes na costa da Regi\u00e3o Sul. As rajadas de sul chegam a quase 40km\/h em Santa Catarina e passam dos 30km\/h na costa norte do Rio Grande do Sul.<\/p>\n<p>Domingo<br \/>\nA frente fria avan\u00e7a rapidamente pelo Sudeste e o tempo muda no Rio de Janeiro, Esp\u00edrito Santo e centro e leste de Minas Gerais, al\u00e9m do pr\u00f3prio Estado de S\u00e3o Paulo, que continuar\u00e1 com um dia \u00famido. Al\u00e9m das chuvas fracas, as temperaturas entram em decl\u00ednio e a sensa\u00e7\u00e3o ser\u00e1 de frio, com m\u00e1xima de apenas 20\u00b0C entre o sul do Rio de Janeiro e de Minas Gerais e o centro e leste do Estado de S\u00e3o Paulo. Na maior parte da Regi\u00e3o Sul, o tempo permanece seco e muito frio, com m\u00ednima em torno dos 2\u00b0C ou 3\u00b0C nos pontos mais elevados.<\/p>\n<p>No Centro-Oeste, o tempo segue est\u00e1vel, com sol e muito calor. No Nordeste, as ondas de leste perdem for\u00e7a, mas ainda provocam chuvas na Grande Salvador e desde o norte de Alagoas at\u00e9 o norte do Maranh\u00e3o, passando pelo interior da Para\u00edba, do Rio Grande do Norte e do Cear\u00e1, al\u00e9m do norte do Piau\u00ed. Na Regi\u00e3o Norte, h\u00e1 previs\u00e3o de temporais entre Roraima e norte do Amazonas. As temperaturas seguem elevadas e a m\u00e1xima passa dos 30\u00b0C, especialmente no Norte do Pa\u00eds.<\/p>\n","protected":false},"excerpt":{"rendered":"<p>Chuvas tamb\u00e9m no litoral nordestino e centro e oeste da Regi\u00e3o Norte. No Centro-Oeste, sol e calor. Neste s\u00e1bado a frente fria se afasta da Regi\u00e3o Sul e retorna uma condi\u00e7\u00e3o de tempo seco, com sol entre nuvens para a maior parte das localidades. Apenas no litoral e parte do noroeste do Paran\u00e1, ainda h\u00e1 [&hellip;]<\/p>\n","protected":false},"author":3,"featured_media":0,"comment_status":"open","ping_status":"open","sticky":false,"template":"","format":"standard","meta":{"tdm_status":"","tdm_grid_status":"","footnotes":""},"categories":[22],"tags":[],"class_list":{"0":"post-5633","1":"post","2":"type-post","3":"status-publish","4":"format-standard","6":"category-brasil"},"_links":{"self":[{"href":"https:\/\/migracao.redenoticia.com.br\/noticia\/wp-json\/wp\/v2\/posts\/5633","targetHints":{"allow":["GET"]}}],"collection":[{"href":"https:\/\/migracao.redenoticia.com.br\/noticia\/wp-json\/wp\/v2\/posts"}],"about":[{"href":"https:\/\/migracao.redenoticia.com.br\/noticia\/wp-json\/wp\/v2\/types\/post"}],"author":[{"embeddable":true,"href":"https:\/\/migracao.redenoticia.com.br\/noticia\/wp-json\/wp\/v2\/users\/3"}],"replies":[{"embeddable":true,"href":"https:\/\/migracao.redenoticia.com.br\/noticia\/wp-json\/wp\/v2\/comments?post=5633"}],"version-history":[{"count":0,"href":"https:\/\/migracao.redenoticia.com.br\/noticia\/wp-json\/wp\/v2\/posts\/5633\/revisions"}],"wp:attachment":[{"href":"https:\/\/migracao.redenoticia.com.br\/noticia\/wp-json\/wp\/v2\/media?parent=5633"}],"wp:term":[{"taxonomy":"category","embeddable":true,"href":"https:\/\/migracao.redenoticia.com.br\/noticia\/wp-json\/wp\/v2\/categories?post=5633"},{"taxonomy":"post_tag","embeddable":true,"href":"https:\/\/migracao.redenoticia.com.br\/noticia\/wp-json\/wp\/v2\/tags?post=5633"}],"curies":[{"name":"wp","href":"https:\/\/api.w.org\/{rel}","templated":true}]}}