{"id":56389,"date":"2014-06-23T14:22:56","date_gmt":"2014-06-23T17:22:56","guid":{"rendered":"http:\/\/www.redenoticia.com.br\/noticia\/?p=56389"},"modified":"2014-06-23T14:22:56","modified_gmt":"2014-06-23T17:22:56","slug":"inscricoes-para-pos-no-a-c-camargo","status":"publish","type":"post","link":"https:\/\/migracao.redenoticia.com.br\/noticia\/2014\/inscricoes-para-pos-no-a-c-camargo\/56389","title":{"rendered":"Inscri\u00e7\u00f5es para p\u00f3s no A.C.Camargo"},"content":{"rendered":"<p>Ag\u00eancia FAPESP\u00a0\u2013 Est\u00e3o abertas, at\u00e9 o dia 30 de junho, as inscri\u00e7\u00f5es para a sele\u00e7\u00e3o dos candidatos \u00e0s 44 vagas do curso de p\u00f3s-gradua\u00e7\u00e3o, nos n\u00edveis de <em><strong>mestrado e doutorado, na \u00e1rea de concentra\u00e7\u00e3o em Oncologia<\/strong><\/em> do A.C.Camargo Cancer Center.<\/p>\n<p style=\"color: #000000;\">H\u00e1 sete de linhas de pesquisas, todas voltadas a profissionais da sa\u00fade. S\u00e3o elas: aspectos cl\u00ednicos em pacientes com c\u00e2ncer; biologia molecular das macromol\u00e9culas e transdu\u00e7\u00e3o de sinal; c\u00e2ncer de cabe\u00e7a e pesco\u00e7o; c\u00e2ncer ginecol\u00f3gico; gen\u00e9tica das neoplasias humanas; patologia dos tumores; e tumores urol\u00f3gicos.<\/p>\n<p style=\"color: #000000;\">Entre os pr\u00e9-requisitos para se candidatar est\u00e3o profici\u00eancia na l\u00edngua inglesa ou na l\u00edngua portuguesa (para estrangeiros). Para os candidatos interessados em desenvolver pesquisa cl\u00ednica, al\u00e9m da gradua\u00e7\u00e3o, exige-se experi\u00eancia de dois anos em oncologia.<\/p>\n<p style=\"color: #000000;\">A aceita\u00e7\u00e3o do candidato ser\u00e1 baseada na disponibilidade de vagas e estar\u00e1 ligada ao projeto de pesquisa previamente aprovado pelo conselho de p\u00f3s-gradua\u00e7\u00e3o da institui\u00e7\u00e3o.<\/p>\n<p style=\"color: #000000;\">A sele\u00e7\u00e3o tamb\u00e9m inclui an\u00e1lise de curr\u00edculo e hist\u00f3rico escolar, entrevista com o orientador antes da inscri\u00e7\u00e3o e entrevista com dois membros do conselho de p\u00f3s-gradua\u00e7\u00e3o.<\/p>\n<p style=\"color: #000000;\">As atividades ter\u00e3o in\u00edcio em 6 de agosto.<\/p>\n<p style=\"color: #000000;\">As inscri\u00e7\u00f5es devem ser feitas pessoalmente ou por via postal na p\u00f3s-gradua\u00e7\u00e3o do A.C.Camargo Cancer Center, que fica na Rua Professor Ant\u00f4nio Prudente, 211, Liberdade, S\u00e3o Paulo, CEP 01509-900.<\/p>\n<p style=\"color: #000000;\">O edital pode ser lido em\u00a0<a style=\"color: #6c8dbe;\" href=\"http:\/\/www.accamargo.org.br\/editais\/\" target=\"_blank\">http:\/\/www.accamargo.org.br\/editais\/<\/a><\/p>\n","protected":false},"excerpt":{"rendered":"<p>Ag\u00eancia FAPESP\u00a0\u2013 Est\u00e3o abertas, at\u00e9 o dia 30 de junho, as inscri\u00e7\u00f5es para a sele\u00e7\u00e3o dos candidatos \u00e0s 44 vagas do curso de p\u00f3s-gradua\u00e7\u00e3o, nos n\u00edveis de mestrado e doutorado, na \u00e1rea de concentra\u00e7\u00e3o em Oncologia do A.C.Camargo Cancer Center. H\u00e1 sete de linhas de pesquisas, todas voltadas a profissionais da sa\u00fade. S\u00e3o elas: aspectos [&hellip;]<\/p>\n","protected":false},"author":2,"featured_media":35093,"comment_status":"open","ping_status":"closed","sticky":false,"template":"","format":"standard","meta":{"tdm_status":"","tdm_grid_status":"","footnotes":""},"categories":[22,351,370],"tags":[],"class_list":{"0":"post-56389","1":"post","2":"type-post","3":"status-publish","4":"format-standard","5":"has-post-thumbnail","7":"category-brasil","8":"category-cursos","9":"category-inscricao"},"_links":{"self":[{"href":"https:\/\/migracao.redenoticia.com.br\/noticia\/wp-json\/wp\/v2\/posts\/56389","targetHints":{"allow":["GET"]}}],"collection":[{"href":"https:\/\/migracao.redenoticia.com.br\/noticia\/wp-json\/wp\/v2\/posts"}],"about":[{"href":"https:\/\/migracao.redenoticia.com.br\/noticia\/wp-json\/wp\/v2\/types\/post"}],"author":[{"embeddable":true,"href":"https:\/\/migracao.redenoticia.com.br\/noticia\/wp-json\/wp\/v2\/users\/2"}],"replies":[{"embeddable":true,"href":"https:\/\/migracao.redenoticia.com.br\/noticia\/wp-json\/wp\/v2\/comments?post=56389"}],"version-history":[{"count":0,"href":"https:\/\/migracao.redenoticia.com.br\/noticia\/wp-json\/wp\/v2\/posts\/56389\/revisions"}],"wp:featuredmedia":[{"embeddable":true,"href":"https:\/\/migracao.redenoticia.com.br\/noticia\/wp-json\/wp\/v2\/media\/35093"}],"wp:attachment":[{"href":"https:\/\/migracao.redenoticia.com.br\/noticia\/wp-json\/wp\/v2\/media?parent=56389"}],"wp:term":[{"taxonomy":"category","embeddable":true,"href":"https:\/\/migracao.redenoticia.com.br\/noticia\/wp-json\/wp\/v2\/categories?post=56389"},{"taxonomy":"post_tag","embeddable":true,"href":"https:\/\/migracao.redenoticia.com.br\/noticia\/wp-json\/wp\/v2\/tags?post=56389"}],"curies":[{"name":"wp","href":"https:\/\/api.w.org\/{rel}","templated":true}]}}