{"id":5641,"date":"2009-07-17T12:12:08","date_gmt":"2009-07-17T16:12:08","guid":{"rendered":"http:\/\/www.redenoticia.com.br\/noticia\/?p=5641"},"modified":"2009-07-17T17:17:36","modified_gmt":"2009-07-17T21:17:36","slug":"acre-e-mato-grosso-integram-pesquisa-sobre-impactos-das-queimadas","status":"publish","type":"post","link":"https:\/\/migracao.redenoticia.com.br\/noticia\/2009\/acre-e-mato-grosso-integram-pesquisa-sobre-impactos-das-queimadas\/5641","title":{"rendered":"Acre e Mato Grosso integram pesquisa sobre impactos das queimadas"},"content":{"rendered":"<p><a href=\"https:\/\/migracao.redenoticia.com.br\/noticia\/imagens\/\/queimada.jpg\"><img loading=\"lazy\" decoding=\"async\" class=\"alignleft size-medium wp-image-5727\" title=\"queimada\" src=\"https:\/\/migracao.redenoticia.com.br\/noticia\/imagens\/\/queimada-249x187.jpg\" alt=\"queimada\" width=\"249\" height=\"187\" srcset=\"https:\/\/migracao.redenoticia.com.br\/noticia\/imagens\/queimada-249x187.jpg 249w, https:\/\/migracao.redenoticia.com.br\/noticia\/imagens\/queimada-250x187.jpg 250w, https:\/\/migracao.redenoticia.com.br\/noticia\/imagens\/queimada.jpg 400w, https:\/\/migracao.redenoticia.com.br\/noticia\/imagens\/queimada-150x113.jpg 150w, https:\/\/migracao.redenoticia.com.br\/noticia\/imagens\/queimada-265x198.jpg 265w, https:\/\/migracao.redenoticia.com.br\/noticia\/imagens\/queimada-149x112.jpg 149w\" sizes=\"auto, (max-width: 249px) 100vw, 249px\" \/><\/a>Uma parceria entre a Faculdade de Engenharia da Universidade Estadual Paulista (Unesp\/campus de Guaratinguet\u00e1), Embrapa Acre, Instituto Nacional de Pesquisas Espaciais (Inpe), Universidade Federal do Acre (Ufac), Universidade de Bras\u00edlia (UnB), Universidade de S\u00e3o Paulo (USP), Universidade de Washington, Servi\u00e7o Florestal Americano e outras institui\u00e7\u00f5es nacionais e internacionais, est\u00e1 permitindo o desenvolvimento de pesquisas in\u00e9ditas sobre os impactos da retirada da floresta e do uso do fogo, sobre v\u00e1rios aspectos do meio ambiente, no bioma Amaz\u00f4nia.<\/p>\n<p>Em quatro anos o projeto &#8220;Combust\u00e3o de Biomassa de Florestas Tropicais&#8221;, financiado pela Funda\u00e7\u00e3o de Amparo \u00e0 Pesquisa do Estado de S\u00e3o Paulo (Fapesp), vai investir cerca de dois milh\u00f5es de reais em pesquisas relativas aos efeitos das queimadas e suas emiss\u00f5es nos munic\u00edpios de Cruzeiro do Sul e Rio Branco (AC) e Alta Floresta (MT). Segundo o pesquisador da Embrapa Acre, Falberni Costa, os estudos ser\u00e3o realizados a partir de testes de derruba e queima controlada em \u00e1reas rurais, obedecendo \u00e0 legisla\u00e7\u00e3o ambiental. &#8220;Esta metodologia permitir\u00e1 resultados mais precisos sobre estes aspectos, que poder\u00e3o subsidiar pol\u00edticas p\u00fablicas para o manejo adequado da floresta&#8221;, explica.<\/p>\n<p>No Acre ser\u00e3o realizados dois testes de queimadas e o primeiro est\u00e1 previsto para setembro de 2010. Entre 23 de junho e 11 de julho pesquisadores da Unesp, Inpe, Embrapa e Ufac estiveram em Cruzeiro do Sul, realizando as primeiras atividades do projeto, envolvendo a demarca\u00e7\u00e3o da \u00e1rea experimental, invent\u00e1rio florestal e amostragens de solo. A visita dos parceiros ao Acre tamb\u00e9m incluiu a\u00e7\u00f5es de divulga\u00e7\u00e3o do projeto junto a diversos p\u00fablicos.<\/p>\n<p>Car\u00e1ter multidisciplinar<\/p>\n<p>Na ter\u00e7a-feira (14), alunos do curso de engenharia florestal da Universidade Federal do Acre e profissionais da \u00e1rea participaram de palestra com o coordenador geral do projeto, Jo\u00e3o Andrade de Carvalho J\u00fanior, professor da Faculdade de Engenharia de Guaratinguet\u00e1 (FEG\/Unesp), para conhecer as propostas de trabalho, objetivos e resultados esperados, al\u00e9m de outras experi\u00eancias de pesquisa nesta mesma linha. &#8220;Nossa inten\u00e7\u00e3o \u00e9 atrair novos parceiros para as pesquisas e incentivar a participa\u00e7\u00e3o de estudantes universit\u00e1rios em trabalhos de inicia\u00e7\u00e3o cient\u00edfica no \u00e2mbito do projeto&#8221;, afirma Carvalho J\u00fanior.<\/p>\n<p>Com um car\u00e1ter multidisciplinar, o projeto &#8220;Combust\u00e3o de Biomassa de Florestas Tropicais&#8221; agrega diversos estudos tem\u00e1ticos relacionados aos efeitos das queimadas. Dentre as principais atividades est\u00e1 a quantifica\u00e7\u00e3o do estoque de carbono no solo, antes e depois da queima, visando \u00e0 obten\u00e7\u00e3o de indicadores de impactos ambientais, como a emiss\u00e3o de gases de efeito estufa (g\u00e1s carb\u00f4nico e metano). Pesquisas semelhantes v\u00eam sendo realizadas nos estados do Amazonas e Par\u00e1 desde 1991.<\/p>\n<p>De acordo com Carvalho J\u00fanior, o carbono \u00e9 o principal formador do di\u00f3xido de carbono (CO2), principal g\u00e1s de efeito estufa. O aumento da concentra\u00e7\u00e3o deste elemento no ar contribui para elevar a temperatura do planeta, gerando problemas como o degelo e aumento do n\u00edvel dos mares.<\/p>\n<p>Outra pesquisa estudar\u00e1 a propaga\u00e7\u00e3o do fogo rasteiro, identificando os fatores que influenciam este tipo de queimada. Os inc\u00eandios rasteiros se espalham rapidamente, podendo percorrer at\u00e9 oito quil\u00f4metros em uma semana. Para Carvalho J\u00fanior, a falta de umidade \u00e9 um fator decisivo para a propaga\u00e7\u00e3o do fogo, por isto florestas recortadas, geralmente mais secas, s\u00e3o mais suscept\u00edveis \u00e0s queimadas. &#8220;O fogo rasteiro derruba as folhas das \u00e1rvores, possibilitando maior radia\u00e7\u00e3o solar no ch\u00e3o da floresta, aumentando as chances de grandes queimadas&#8221;, explica.<\/p>\n<p>Estudos recentes na \u00e1rea de combust\u00e3o, conduzidos por Carvalho J\u00fanior, revelaram que o fogo s\u00f3 se propaga em florestas onde a umidade \u00e9 inferior a 15%. Outra constata\u00e7\u00e3o \u00e9 que, nestas condi\u00e7\u00f5es, a efici\u00eancia de combust\u00e3o da floresta fica em torno de 50%. &#8220;Apesar de ter um efeito devastador, o fogo n\u00e3o queima tudo. Troncos de \u00e1rvores de grande porte resistem \u00e0s chamas&#8221;, afirma.<\/p>\n<p>Paralelamente \u00e0s quest\u00f5es provocadas pelo uso do fogo, ser\u00e3o estudadas as conseq\u00fc\u00eancias das queimadas para a sa\u00fade humana. Durante um ano profissionais da \u00e1rea de sa\u00fade coletar\u00e3o informa\u00e7\u00f5es em postos de sa\u00fade da regi\u00e3o de Cruzeiro do Sul, identificando os tipos de doen\u00e7as mais freq\u00fcentes no per\u00edodo das queimadas e avaliando em que medida a sua incid\u00eancia est\u00e1 relacionada ao tema.<\/p>\n","protected":false},"excerpt":{"rendered":"<p>Uma parceria entre a Faculdade de Engenharia da Universidade Estadual Paulista (Unesp\/campus de Guaratinguet\u00e1), Embrapa Acre, Instituto Nacional de Pesquisas Espaciais (Inpe), Universidade Federal do Acre (Ufac), Universidade de Bras\u00edlia (UnB), Universidade de S\u00e3o Paulo (USP), Universidade de Washington, Servi\u00e7o Florestal Americano e outras institui\u00e7\u00f5es nacionais e internacionais, est\u00e1 permitindo o desenvolvimento de pesquisas in\u00e9ditas [&hellip;]<\/p>\n","protected":false},"author":3,"featured_media":0,"comment_status":"open","ping_status":"open","sticky":false,"template":"","format":"standard","meta":{"tdm_status":"","tdm_grid_status":"","footnotes":""},"categories":[22],"tags":[],"class_list":{"0":"post-5641","1":"post","2":"type-post","3":"status-publish","4":"format-standard","6":"category-brasil"},"_links":{"self":[{"href":"https:\/\/migracao.redenoticia.com.br\/noticia\/wp-json\/wp\/v2\/posts\/5641","targetHints":{"allow":["GET"]}}],"collection":[{"href":"https:\/\/migracao.redenoticia.com.br\/noticia\/wp-json\/wp\/v2\/posts"}],"about":[{"href":"https:\/\/migracao.redenoticia.com.br\/noticia\/wp-json\/wp\/v2\/types\/post"}],"author":[{"embeddable":true,"href":"https:\/\/migracao.redenoticia.com.br\/noticia\/wp-json\/wp\/v2\/users\/3"}],"replies":[{"embeddable":true,"href":"https:\/\/migracao.redenoticia.com.br\/noticia\/wp-json\/wp\/v2\/comments?post=5641"}],"version-history":[{"count":0,"href":"https:\/\/migracao.redenoticia.com.br\/noticia\/wp-json\/wp\/v2\/posts\/5641\/revisions"}],"wp:attachment":[{"href":"https:\/\/migracao.redenoticia.com.br\/noticia\/wp-json\/wp\/v2\/media?parent=5641"}],"wp:term":[{"taxonomy":"category","embeddable":true,"href":"https:\/\/migracao.redenoticia.com.br\/noticia\/wp-json\/wp\/v2\/categories?post=5641"},{"taxonomy":"post_tag","embeddable":true,"href":"https:\/\/migracao.redenoticia.com.br\/noticia\/wp-json\/wp\/v2\/tags?post=5641"}],"curies":[{"name":"wp","href":"https:\/\/api.w.org\/{rel}","templated":true}]}}