{"id":56413,"date":"2014-06-24T19:28:09","date_gmt":"2014-06-24T22:28:09","guid":{"rendered":"http:\/\/www.redenoticia.com.br\/noticia\/?p=56413"},"modified":"2014-06-26T19:31:03","modified_gmt":"2014-06-26T22:31:03","slug":"novela-em-familia-nando-pode-ser-pai-de-bia","status":"publish","type":"post","link":"https:\/\/migracao.redenoticia.com.br\/noticia\/2014\/novela-em-familia-nando-pode-ser-pai-de-bia\/56413","title":{"rendered":"Novela \u201cEm Fam\u00edlia\u201d: Nando pode ser pai de Bia"},"content":{"rendered":"<p><a href=\"https:\/\/migracao.redenoticia.com.br\/noticia\/imagens\/novela-em-familia.jpg\"><img loading=\"lazy\" decoding=\"async\" class=\"alignleft size-medium wp-image-51847\" src=\"https:\/\/migracao.redenoticia.com.br\/noticia\/imagens\/novela-em-familia-187x187.jpg\" alt=\"novela-em-familia\" width=\"187\" height=\"187\" srcset=\"https:\/\/migracao.redenoticia.com.br\/noticia\/imagens\/novela-em-familia-187x187.jpg 187w, https:\/\/migracao.redenoticia.com.br\/noticia\/imagens\/novela-em-familia.jpg 300w, https:\/\/migracao.redenoticia.com.br\/noticia\/imagens\/novela-em-familia-150x150.jpg 150w, https:\/\/migracao.redenoticia.com.br\/noticia\/imagens\/novela-em-familia-110x110.jpg 110w, https:\/\/migracao.redenoticia.com.br\/noticia\/imagens\/novela-em-familia-50x50.jpg 50w\" sizes=\"auto, (max-width: 187px) 100vw, 187px\" \/><\/a><strong><em>Novela \u201cEm Fam\u00edlia\u201d:<\/em><\/strong> Guiomar (Jessika Alves) comenta com Juliana (Vanessa Gerbelli) que Nando (Leonardo Medeiros) deu dinheiro para Gorete (Carol Macedo) comprar uma casa na comunidade, que eles tiveram um caso e que ele pode ser o pai de Bia. Juliana fica desconfiada. Logo depois, um amigo comenta com Nando que sabe que ele traiu a mulher v\u00e1rias vezes enquanto estava casado. Depois disso, Iolanda (Magdale Alves) vai ao escrit\u00f3rio de Nando e entrega tr\u00eas fotos dele sem Juliana. Nando pergunta como as fotos foram parar nas m\u00e3os dela. Iolanda responde que as encontrou no meio das coisas da Gorete. Nando reage forte ao ouvir o nome da m\u00e3e de Bia (Bruna Farias) e pergunta se a mo\u00e7a pegou fotos dele. Iolanda defende Gorete e diz que s\u00f3 pode ter sido por engano, porque a filha era honesta. Iolanda se despede e Nando tamb\u00e9m fica desconfiado que ele pode ser pai de Bia.<\/p>\n<p>Fonte Rede Globo \u2013 nos pr\u00f3ximos cap\u00edtulos da novela \u201cEm Fam\u00edlia\u201d Clara v\u00ea a alegria de Ivan ao encontrar Ver\u00f4nica. Felipe pede que Miss Lauren fa\u00e7a alguns exames. Helena desiste de ir ao jantar de Shirley. Guiomar elogia Nando para Juliana. De m\u00e1 vontade, Laerte vai com Luiza \u00e0 festa da faculdade e ela o provoca dan\u00e7ando com Andr\u00e9. Chica tenta animar Felipe. Laerte discute com Andr\u00e9. Laerte provoca uma situa\u00e7\u00e3o perigosa para Andr\u00e9 e o abandona sem prestar socorro. Cadu admira Ver\u00f4nica ao piano. Luiza percebe que Laerte est\u00e1 envolvido de alguma forma no acidente de Andr\u00e9. Ele pede perd\u00e3o de joelhos, assustando-a. B\u00e1rbara decide ir para os Estados Unidos visitar Lucas. Marina, Clara e Ivan fazem um piquenique e o menino pede que a m\u00e3e arrume um namorado legal. Suzana chega \u00e0 casa de Branca. Felipe leva Chica a uma reuni\u00e3o dos Alcoolicos An\u00f4nimos. Alice participa de uma opera\u00e7\u00e3o policial bem-sucedida. Virg\u00edlio vai \u00e0 casa de Luiza.<\/p>\n<p>Felipe e Cadu encontram Silvia no cal\u00e7ad\u00e3o por acaso. Laerte d\u00e1 uma flor para L\u00edvia, que fica encantada. Clara coloca uma foto de Marina no mural de seu quarto. Chica fica enciumada ao saber que Ricardo encontrou a irm\u00e3 de Branca. O rapaz misterioso faz uma visita a Miss Lauren na casa de repouso. Vitor chama Alice para sair, mas ela recusa o convite. Chica diz a Felipe que est\u00e1 muito orgulhosa dele. Juliana pergunta a Nando se h\u00e1 um jeito de ela se tornar legalmente a m\u00e3e de Bia. Os jovens se re\u00fanem no galp\u00e3o para assistir a um jogo do Brasil. O novo chefe de Ricardo o chama para voar de surpresa, deixando Chica triste com a falta de uma agenda programada. Mesmo ressabiada com Laerte, Luiza continua os preparativos para o casamento. Vanessa diz a Marina que n\u00e3o acredita como ela ainda insiste em seu namoro com Clara e as duas discutem. Helena desabafa com Chica sobre Luiza e Laerte. Branca se incomoda com as recorda\u00e7\u00f5es que Suzana lhe traz. Ver\u00f4nica percebe uma troca de olhares entre Laerte e L\u00edvia. Andr\u00e9 fica incomodado ao saber que B\u00e1rbara pretende passar um tempo fora do pa\u00eds. Flavinha insiste com Vanessa para elas fazerem uma viagem juntas. Ivan diz a Clara que acha que Ver\u00f4nica e Cadu ser\u00e3o namorados um dia. Juliana sente contra\u00e7\u00f5es e \u00e9 levada para a maternidade. Dulce e Pedro Paulo est\u00e3o cada vez mais pr\u00f3ximos. Os idosos da casa de repouso visitam Benjamim na casa de Virg\u00edlio. Laerte diz a L\u00edvia que est\u00e1 programando uma agenda de concertos internacionais.<\/p>\n","protected":false},"excerpt":{"rendered":"<p>Novela \u201cEm Fam\u00edlia\u201d: Guiomar (Jessika Alves) comenta com Juliana (Vanessa Gerbelli) que Nando (Leonardo Medeiros) deu dinheiro para Gorete (Carol Macedo) comprar uma casa na comunidade, que eles tiveram um caso e que ele pode ser o pai de Bia. Juliana fica desconfiada. Logo depois, um amigo comenta com Nando que sabe que ele traiu [&hellip;]<\/p>\n","protected":false},"author":2,"featured_media":51847,"comment_status":"open","ping_status":"closed","sticky":false,"template":"","format":"standard","meta":{"tdm_status":"","tdm_grid_status":"","footnotes":""},"categories":[379,375,343],"tags":[],"class_list":{"0":"post-56413","1":"post","2":"type-post","3":"status-publish","4":"format-standard","5":"has-post-thumbnail","7":"category-novelas","8":"category-rede-globo","9":"category-televisao"},"_links":{"self":[{"href":"https:\/\/migracao.redenoticia.com.br\/noticia\/wp-json\/wp\/v2\/posts\/56413","targetHints":{"allow":["GET"]}}],"collection":[{"href":"https:\/\/migracao.redenoticia.com.br\/noticia\/wp-json\/wp\/v2\/posts"}],"about":[{"href":"https:\/\/migracao.redenoticia.com.br\/noticia\/wp-json\/wp\/v2\/types\/post"}],"author":[{"embeddable":true,"href":"https:\/\/migracao.redenoticia.com.br\/noticia\/wp-json\/wp\/v2\/users\/2"}],"replies":[{"embeddable":true,"href":"https:\/\/migracao.redenoticia.com.br\/noticia\/wp-json\/wp\/v2\/comments?post=56413"}],"version-history":[{"count":0,"href":"https:\/\/migracao.redenoticia.com.br\/noticia\/wp-json\/wp\/v2\/posts\/56413\/revisions"}],"wp:featuredmedia":[{"embeddable":true,"href":"https:\/\/migracao.redenoticia.com.br\/noticia\/wp-json\/wp\/v2\/media\/51847"}],"wp:attachment":[{"href":"https:\/\/migracao.redenoticia.com.br\/noticia\/wp-json\/wp\/v2\/media?parent=56413"}],"wp:term":[{"taxonomy":"category","embeddable":true,"href":"https:\/\/migracao.redenoticia.com.br\/noticia\/wp-json\/wp\/v2\/categories?post=56413"},{"taxonomy":"post_tag","embeddable":true,"href":"https:\/\/migracao.redenoticia.com.br\/noticia\/wp-json\/wp\/v2\/tags?post=56413"}],"curies":[{"name":"wp","href":"https:\/\/api.w.org\/{rel}","templated":true}]}}