{"id":5654,"date":"2009-07-17T13:59:08","date_gmt":"2009-07-17T17:59:08","guid":{"rendered":"http:\/\/www.redenoticia.com.br\/noticia\/?p=5654"},"modified":"2009-07-17T17:13:43","modified_gmt":"2009-07-17T21:13:43","slug":"atendimento-do-programa-de-regularizacao-fundiaria-de-ji-parana-tem-novo-endereco","status":"publish","type":"post","link":"https:\/\/migracao.redenoticia.com.br\/noticia\/2009\/atendimento-do-programa-de-regularizacao-fundiaria-de-ji-parana-tem-novo-endereco\/5654","title":{"rendered":"Atendimento do Programa de Regulariza\u00e7\u00e3o Fundi\u00e1ria de Ji-Paran\u00e1 tem novo endere\u00e7o"},"content":{"rendered":"<p>Para facilitar o acesso da popula\u00e7\u00e3o aos servi\u00e7os oferecidos pelo Programa de Regulariza\u00e7\u00e3o Fundi\u00e1ria de Ji-Paran\u00e1, o prefeito Jos\u00e9 de Abreu Bianco (DEM), determinou que toda a equipe de servidores municipais, que atendiam a comunidade no pr\u00e9dio ao lado da Secretaria de A\u00e7\u00e3o Social (Semas), pr\u00f3ximo a Feir\u00e3o do Produtor, passe a prestar este servi\u00e7o no pr\u00e9dio do anexo II, na Ger\u00eancia Geral de Arrecada\u00e7\u00e3o, localizado pr\u00f3ximo a Vila Jot\u00e3o, Segundo Distrito de Ji-Paran\u00e1.<br \/>\nDe acordo com informa\u00e7\u00f5es do Secret\u00e1rio Municipal de Fazenda, Washington Roberto Nascimento, essa medida tem como principal objetivo reunir em um s\u00f3 local todos os servi\u00e7os pertinentes ao Programa de Recadastramento S\u00f3cio-econ\u00f4mico e Imobili\u00e1rio pelo qual o munic\u00edpio est\u00e1 passando, facilitando \u00e0 popula\u00e7\u00e3o quanto ao acesso a estes servi\u00e7os.<br \/>\nAt\u00e9 o final deste ano estar\u00e1 sendo conclu\u00eddo programa de recadastramento que tem por objetivo realizar a justi\u00e7a fiscal no munic\u00edpio. Segundo Washington, atualmente cerca de cinco mil lotes urbanos pertencentes \u00e0 Prefeitura Municipal, est\u00e3o ocupados por poceiros. E, caso estes cidad\u00e3os n\u00e3o provem a posse da \u00e1rea, o munic\u00edpio estar\u00e1 realizando a sua reintegra\u00e7\u00e3o para que possam ser desenvolvidos projetos nestes locais que beneficiem toda a popula\u00e7\u00e3o, como \u00e9 o caso da constru\u00e7\u00e3o de novas creches e para a constru\u00e7\u00e3o das casas do programa do Governo Federal, \u201cMinha Casa, Minha Vida\u201d.<br \/>\n\u201cCom esse recadastramento vamos atualizar as nossas informa\u00e7\u00f5es para que possamos dispor dessas \u00e1reas municipais, al\u00e9m de equacionar diversos problemas quanto \u00e0 cobran\u00e7a de IPTU. Temos situa\u00e7\u00f5es em que, numa mesma rua e com terrenos do mesmo tamanho, o valor do IPTU \u00e9 muito desigual, precisamos resolver isso, tanto por causa de quem paga, para que n\u00e3o seja prejudicado, quanto para o munic\u00edpio, que poder\u00e1 contar com o correto pagamento desse tributo e investir esses valores em melhorias no munic\u00edpio\u201d, explicou o secret\u00e1rio.<br \/>\nA partir da pr\u00f3xima segunda-feira (20), servidores municipais estar\u00e3o fixando placas nessas \u00e1reas da prefeitura para que os seus poceiros se identifiquem e tentem regularizar a sua situa\u00e7\u00e3o junto ao munic\u00edpio.<br \/>\nComo est\u00e1 sendo realizado o programa de recadastramento?<br \/>\nEquipes formadas por servidores municipais estar\u00e3o realizando a divulga\u00e7\u00e3o, de porta em porta, das a\u00e7\u00f5es municipais quanto ao cadastramento e recadastramento, informando que estar\u00e3o atuando em determinado local durante certo per\u00edodo, para que a comunidade possa providenciar algu\u00e9m que fique no im\u00f3vel para receber a equipe da Prefeitura, devidamente identificada com crach\u00e1. Caso o cidad\u00e3o seja notificado a realizar algum tipo de procedimento para regulariza\u00e7\u00e3o da \u00e1rea, ser\u00e1 orientado pelo servidor a comparecer a Ger\u00eancia Geral de Arrecada\u00e7\u00e3o, no pr\u00e9dio do anexo II, da Vila Jot\u00e3o.<\/p>\n","protected":false},"excerpt":{"rendered":"<p>Para facilitar o acesso da popula\u00e7\u00e3o aos servi\u00e7os oferecidos pelo Programa de Regulariza\u00e7\u00e3o Fundi\u00e1ria de Ji-Paran\u00e1, o prefeito Jos\u00e9 de Abreu Bianco (DEM), determinou que toda a equipe de servidores municipais, que atendiam a comunidade no pr\u00e9dio ao lado da Secretaria de A\u00e7\u00e3o Social (Semas), pr\u00f3ximo a Feir\u00e3o do Produtor, passe a prestar este servi\u00e7o [&hellip;]<\/p>\n","protected":false},"author":2,"featured_media":0,"comment_status":"open","ping_status":"open","sticky":false,"template":"","format":"standard","meta":{"tdm_status":"","tdm_grid_status":"","footnotes":""},"categories":[22],"tags":[],"class_list":{"0":"post-5654","1":"post","2":"type-post","3":"status-publish","4":"format-standard","6":"category-brasil"},"_links":{"self":[{"href":"https:\/\/migracao.redenoticia.com.br\/noticia\/wp-json\/wp\/v2\/posts\/5654","targetHints":{"allow":["GET"]}}],"collection":[{"href":"https:\/\/migracao.redenoticia.com.br\/noticia\/wp-json\/wp\/v2\/posts"}],"about":[{"href":"https:\/\/migracao.redenoticia.com.br\/noticia\/wp-json\/wp\/v2\/types\/post"}],"author":[{"embeddable":true,"href":"https:\/\/migracao.redenoticia.com.br\/noticia\/wp-json\/wp\/v2\/users\/2"}],"replies":[{"embeddable":true,"href":"https:\/\/migracao.redenoticia.com.br\/noticia\/wp-json\/wp\/v2\/comments?post=5654"}],"version-history":[{"count":0,"href":"https:\/\/migracao.redenoticia.com.br\/noticia\/wp-json\/wp\/v2\/posts\/5654\/revisions"}],"wp:attachment":[{"href":"https:\/\/migracao.redenoticia.com.br\/noticia\/wp-json\/wp\/v2\/media?parent=5654"}],"wp:term":[{"taxonomy":"category","embeddable":true,"href":"https:\/\/migracao.redenoticia.com.br\/noticia\/wp-json\/wp\/v2\/categories?post=5654"},{"taxonomy":"post_tag","embeddable":true,"href":"https:\/\/migracao.redenoticia.com.br\/noticia\/wp-json\/wp\/v2\/tags?post=5654"}],"curies":[{"name":"wp","href":"https:\/\/api.w.org\/{rel}","templated":true}]}}