{"id":5674,"date":"2009-07-17T14:32:23","date_gmt":"2009-07-17T18:32:23","guid":{"rendered":"http:\/\/www.redenoticia.com.br\/noticia\/?p=5674"},"modified":"2009-11-08T19:24:08","modified_gmt":"2009-11-08T23:24:08","slug":"emprega-sao-paulo-tem-mais-de-21-mil-vagas-em-todo-o-estado","status":"publish","type":"post","link":"https:\/\/migracao.redenoticia.com.br\/noticia\/2009\/emprega-sao-paulo-tem-mais-de-21-mil-vagas-em-todo-o-estado\/5674","title":{"rendered":"Emprega S\u00e3o Paulo tem mais de 21 Mil vagas em todo o estado"},"content":{"rendered":"<p>O Emprega S\u00e3o Paulo, sistema online e gratuito de intermedia\u00e7\u00e3o de m\u00e3o de obra do Governo do Estado &#8211; coordenado pela Secretaria do Emprego e Rela\u00e7\u00f5es do Trabalho (SERT) &#8211; disp\u00f5e hoje (17) de 21.483 vagas de emprego em todo o Estado. As mais ofertadas s\u00e3o nas \u00e1reas de telemarketing (1.409 vagas), vendas (1.765 vagas) e limpeza (841 vagas).<br \/>\nNa Grande S\u00e3o Paulo s\u00e3o 11.637 vagas, sendo mais de sete mil somente na Capital. No interior e litoral as vagas passam de nove mil.<\/p>\n<p>Para o secret\u00e1rio Guilherme Afif Domingos, o Emprega S\u00e3o Paulo \u00e9 a democratiza\u00e7\u00e3o das vagas de forma totalmente gratuita. &#8220;O Emprega S\u00e3o Paulo \u00e9 uma ferramenta aberta, que evita filas e acelera a intermedia\u00e7\u00e3o da m\u00e3o de obra. Facilita o processo de sele\u00e7\u00e3o para quem precisa contratar e valoriza o profissional, que \u00e9 informado quando h\u00e1 vagas dispon\u00edveis at\u00e9 por meio de mensagem (SMS), que \u00e9 a melhor forma de localizar o candidato, j\u00e1 que constatamos que 92% da popula\u00e7\u00e3o t\u00eam celular.&#8221;<\/p>\n<p>Os candidatos podem se cadastrar no site do sistema Emprega S\u00e3o Paulo (www.empregasaopaulo.sp.gov.br) ou pessoalmente num Posto de Atendimento ao Trabalhador (PAT) &#8211; onde \u00e9 necess\u00e1rio apresentar RG, CPF e carteira de trabalho. Os endere\u00e7os de todos os 210 PATs em todo o Estado est\u00e3o na p\u00e1gina da SERT na internet: www.emprego.sp.gov.br\/pat.<\/p>\n<p>Confira as vagas dispon\u00edveis em cada munic\u00edpio no link abaixo:<\/p>\n<p><a href=\"http:\/\/www.emprego.sp.gov.br\/downloads\/outros\/oportunidades_disponiveishoje.pdf\" target=\"_blank\"> http:\/\/www.emprego.sp.gov.br\/downloads\/outros\/oportunidades_disponiveishoje.pdf<\/a><\/p>\n","protected":false},"excerpt":{"rendered":"<p>O Emprega S\u00e3o Paulo, sistema online e gratuito de intermedia\u00e7\u00e3o de m\u00e3o de obra do Governo do Estado &#8211; coordenado pela Secretaria do Emprego e Rela\u00e7\u00f5es do Trabalho (SERT) &#8211; disp\u00f5e hoje (17) de 21.483 vagas de emprego em todo o Estado. As mais ofertadas s\u00e3o nas \u00e1reas de telemarketing (1.409 vagas), vendas (1.765 vagas) [&hellip;]<\/p>\n","protected":false},"author":3,"featured_media":0,"comment_status":"open","ping_status":"open","sticky":false,"template":"","format":"standard","meta":{"tdm_status":"","tdm_grid_status":"","footnotes":""},"categories":[22,7],"tags":[],"class_list":{"0":"post-5674","1":"post","2":"type-post","3":"status-publish","4":"format-standard","6":"category-brasil","7":"category-economia"},"_links":{"self":[{"href":"https:\/\/migracao.redenoticia.com.br\/noticia\/wp-json\/wp\/v2\/posts\/5674","targetHints":{"allow":["GET"]}}],"collection":[{"href":"https:\/\/migracao.redenoticia.com.br\/noticia\/wp-json\/wp\/v2\/posts"}],"about":[{"href":"https:\/\/migracao.redenoticia.com.br\/noticia\/wp-json\/wp\/v2\/types\/post"}],"author":[{"embeddable":true,"href":"https:\/\/migracao.redenoticia.com.br\/noticia\/wp-json\/wp\/v2\/users\/3"}],"replies":[{"embeddable":true,"href":"https:\/\/migracao.redenoticia.com.br\/noticia\/wp-json\/wp\/v2\/comments?post=5674"}],"version-history":[{"count":0,"href":"https:\/\/migracao.redenoticia.com.br\/noticia\/wp-json\/wp\/v2\/posts\/5674\/revisions"}],"wp:attachment":[{"href":"https:\/\/migracao.redenoticia.com.br\/noticia\/wp-json\/wp\/v2\/media?parent=5674"}],"wp:term":[{"taxonomy":"category","embeddable":true,"href":"https:\/\/migracao.redenoticia.com.br\/noticia\/wp-json\/wp\/v2\/categories?post=5674"},{"taxonomy":"post_tag","embeddable":true,"href":"https:\/\/migracao.redenoticia.com.br\/noticia\/wp-json\/wp\/v2\/tags?post=5674"}],"curies":[{"name":"wp","href":"https:\/\/api.w.org\/{rel}","templated":true}]}}