{"id":5677,"date":"2009-07-17T14:38:48","date_gmt":"2009-07-17T18:38:48","guid":{"rendered":"http:\/\/www.redenoticia.com.br\/noticia\/?p=5677"},"modified":"2009-07-17T14:38:48","modified_gmt":"2009-07-17T18:38:48","slug":"boletim-medico-do-vice-presidente-jose-alencar-em-170709-as-12h50","status":"publish","type":"post","link":"https:\/\/migracao.redenoticia.com.br\/noticia\/2009\/boletim-medico-do-vice-presidente-jose-alencar-em-170709-as-12h50\/5677","title":{"rendered":"Boletim m\u00e9dico do Vice Presidente Jos\u00e9 Alencar em 17\/07\/09 \u00e0s 12h50"},"content":{"rendered":"<p>O Vice-Presidente da Rep\u00fablica, Jos\u00e9 Alencar, segue internado no Hospital S\u00edrio-Liban\u00eas, em S\u00e3o Paulo, onde se recupera da cirurgia realizada em 09\/07, para corre\u00e7\u00e3o de obstru\u00e7\u00e3o intestinal causada por tumores abdominais.<\/p>\n<p>Nos \u00faltimos dois dias, o paciente apresentou altera\u00e7\u00f5es cl\u00ednicas e de exames de imagens e laboratoriais, sugestivos de obstru\u00e7\u00e3o parcial. O Vice Presidente Jos\u00e9 Alencar continuar\u00e1 em observa\u00e7\u00e3o do quadro cl\u00ednico atual.<\/p>\n<p>A equipe m\u00e9dica que o acompanha \u00e9 coordenada pelos Profs. Drs. Paulo Hoff, Raul Cutait e Roberto Kalil. O boletim \u00e9 assinado pelo Dr. Antonio Carlos de Onofre de Lira, Diretor T\u00e9cnico Hospitalar e Dr. Riad Younes, Diretor Cl\u00ednico.<\/p>\n","protected":false},"excerpt":{"rendered":"<p>O Vice-Presidente da Rep\u00fablica, Jos\u00e9 Alencar, segue internado no Hospital S\u00edrio-Liban\u00eas, em S\u00e3o Paulo, onde se recupera da cirurgia realizada em 09\/07, para corre\u00e7\u00e3o de obstru\u00e7\u00e3o intestinal causada por tumores abdominais. Nos \u00faltimos dois dias, o paciente apresentou altera\u00e7\u00f5es cl\u00ednicas e de exames de imagens e laboratoriais, sugestivos de obstru\u00e7\u00e3o parcial. O Vice Presidente Jos\u00e9 [&hellip;]<\/p>\n","protected":false},"author":3,"featured_media":0,"comment_status":"open","ping_status":"open","sticky":false,"template":"","format":"standard","meta":{"tdm_status":"","tdm_grid_status":"","footnotes":""},"categories":[22,5],"tags":[],"class_list":{"0":"post-5677","1":"post","2":"type-post","3":"status-publish","4":"format-standard","6":"category-brasil","7":"category-saude-e-vida"},"_links":{"self":[{"href":"https:\/\/migracao.redenoticia.com.br\/noticia\/wp-json\/wp\/v2\/posts\/5677","targetHints":{"allow":["GET"]}}],"collection":[{"href":"https:\/\/migracao.redenoticia.com.br\/noticia\/wp-json\/wp\/v2\/posts"}],"about":[{"href":"https:\/\/migracao.redenoticia.com.br\/noticia\/wp-json\/wp\/v2\/types\/post"}],"author":[{"embeddable":true,"href":"https:\/\/migracao.redenoticia.com.br\/noticia\/wp-json\/wp\/v2\/users\/3"}],"replies":[{"embeddable":true,"href":"https:\/\/migracao.redenoticia.com.br\/noticia\/wp-json\/wp\/v2\/comments?post=5677"}],"version-history":[{"count":0,"href":"https:\/\/migracao.redenoticia.com.br\/noticia\/wp-json\/wp\/v2\/posts\/5677\/revisions"}],"wp:attachment":[{"href":"https:\/\/migracao.redenoticia.com.br\/noticia\/wp-json\/wp\/v2\/media?parent=5677"}],"wp:term":[{"taxonomy":"category","embeddable":true,"href":"https:\/\/migracao.redenoticia.com.br\/noticia\/wp-json\/wp\/v2\/categories?post=5677"},{"taxonomy":"post_tag","embeddable":true,"href":"https:\/\/migracao.redenoticia.com.br\/noticia\/wp-json\/wp\/v2\/tags?post=5677"}],"curies":[{"name":"wp","href":"https:\/\/api.w.org\/{rel}","templated":true}]}}