{"id":5685,"date":"2009-07-17T15:24:06","date_gmt":"2009-07-17T19:24:06","guid":{"rendered":"http:\/\/www.redenoticia.com.br\/noticia\/?p=5685"},"modified":"2009-07-17T17:12:30","modified_gmt":"2009-07-17T21:12:30","slug":"centro-para-atendimento-das-mulheres-vitimas-de-violencia-em-porto-velho-completa-1-ano","status":"publish","type":"post","link":"https:\/\/migracao.redenoticia.com.br\/noticia\/2009\/centro-para-atendimento-das-mulheres-vitimas-de-violencia-em-porto-velho-completa-1-ano\/5685","title":{"rendered":"Centro para Atendimento das Mulheres V\u00edtimas de Viol\u00eancia em Porto Velho completa 1 ano"},"content":{"rendered":"<p>Mais de 800 mulheres v\u00edtimas de viol\u00eancia foram assistidas pela casa <\/p>\n<p>Ao completar nesta sexta-feira (17) um ano de funcionamento, o Centro de Refer\u00eancia Para Atendimento \u00e0s Mulheres V\u00edtimas de Viol\u00eancia \u201cSonho de Liberdade\u201d j\u00e1 \u00e9, de fato, o maior ponto de apoio \u00e0 mulher que ainda sofre os mais variados tipos de viol\u00eancia na capital, principalmente dentro de casa. Para se ter uma id\u00e9ia de um quadro cada vez mais preocupante, apenas neste um ano de atividades, o centro atendeu a mais de 800 casos que v\u00e3o desde mulheres em situa\u00e7\u00e3o de viol\u00eancia e risco social, assist\u00eancia social e jur\u00eddica, apoio psicol\u00f3gico, orienta\u00e7\u00e3o e informa\u00e7\u00f5es. O caso de uma descendente da etnia Apurin\u00e3 \u00e9 um dos exemplos mais fi\u00e9is do quanto \u00e9 importante o trabalho desenvolvido no centro por assistentes sociais, psic\u00f3logas e advogadas da institui\u00e7\u00e3o. Casada desde os 17, a Apurin\u00e3 \u00e9 m\u00e3e de 5 filhos (de 2 a 13 anos); ela disse, emocionada, que foi um milagre ter encontrado a casa que lhe salvou da viol\u00eancia do marido que lhe maltratou por anos a fio, por motivos banais. \u201cS\u00f3 Deus, e a acolhida do Centro de Refer\u00eancia me tiraram dessa situa\u00e7\u00e3o\u201d, diz chorando.<br \/>\nO Centro \u201cSonho de Liberdade\u201d \u00e9 vinculado \u00e0 Coordenadoria Municipal de Pol\u00edticas P\u00fablicas para as Mulheres (CMPPM) e tem como meta resgatar a cidadania, a auto-estima e a reestrutura\u00e7\u00e3o f\u00edsica, emocional e social da mulher.  O atendimento \u00e9 profissional-multidisciplinar e oferece servi\u00e7os de sa\u00fade, assist\u00eancia-social, justi\u00e7a, seguran\u00e7a, educa\u00e7\u00e3o e economia solid\u00e1ria. As mulheres t\u00eam atendimento individual e em grupo para  a troca de id\u00e9ias, reflex\u00f5es dentro de oficinas de g\u00eanero, viol\u00eancia dom\u00e9stica e Lei Maria da Penha. <\/p>\n","protected":false},"excerpt":{"rendered":"<p>Mais de 800 mulheres v\u00edtimas de viol\u00eancia foram assistidas pela casa Ao completar nesta sexta-feira (17) um ano de funcionamento, o Centro de Refer\u00eancia Para Atendimento \u00e0s Mulheres V\u00edtimas de Viol\u00eancia \u201cSonho de Liberdade\u201d j\u00e1 \u00e9, de fato, o maior ponto de apoio \u00e0 mulher que ainda sofre os mais variados tipos de viol\u00eancia na [&hellip;]<\/p>\n","protected":false},"author":2,"featured_media":0,"comment_status":"open","ping_status":"open","sticky":false,"template":"","format":"standard","meta":{"tdm_status":"","tdm_grid_status":"","footnotes":""},"categories":[22],"tags":[],"class_list":{"0":"post-5685","1":"post","2":"type-post","3":"status-publish","4":"format-standard","6":"category-brasil"},"_links":{"self":[{"href":"https:\/\/migracao.redenoticia.com.br\/noticia\/wp-json\/wp\/v2\/posts\/5685","targetHints":{"allow":["GET"]}}],"collection":[{"href":"https:\/\/migracao.redenoticia.com.br\/noticia\/wp-json\/wp\/v2\/posts"}],"about":[{"href":"https:\/\/migracao.redenoticia.com.br\/noticia\/wp-json\/wp\/v2\/types\/post"}],"author":[{"embeddable":true,"href":"https:\/\/migracao.redenoticia.com.br\/noticia\/wp-json\/wp\/v2\/users\/2"}],"replies":[{"embeddable":true,"href":"https:\/\/migracao.redenoticia.com.br\/noticia\/wp-json\/wp\/v2\/comments?post=5685"}],"version-history":[{"count":0,"href":"https:\/\/migracao.redenoticia.com.br\/noticia\/wp-json\/wp\/v2\/posts\/5685\/revisions"}],"wp:attachment":[{"href":"https:\/\/migracao.redenoticia.com.br\/noticia\/wp-json\/wp\/v2\/media?parent=5685"}],"wp:term":[{"taxonomy":"category","embeddable":true,"href":"https:\/\/migracao.redenoticia.com.br\/noticia\/wp-json\/wp\/v2\/categories?post=5685"},{"taxonomy":"post_tag","embeddable":true,"href":"https:\/\/migracao.redenoticia.com.br\/noticia\/wp-json\/wp\/v2\/tags?post=5685"}],"curies":[{"name":"wp","href":"https:\/\/api.w.org\/{rel}","templated":true}]}}