{"id":5687,"date":"2009-07-17T15:27:31","date_gmt":"2009-07-17T19:27:31","guid":{"rendered":"http:\/\/www.redenoticia.com.br\/noticia\/?p=5687"},"modified":"2009-07-17T17:11:09","modified_gmt":"2009-07-17T21:11:09","slug":"%e2%80%9ccaravana-em-defesa-do-sus%e2%80%9d-chega-a-porto-velho","status":"publish","type":"post","link":"https:\/\/migracao.redenoticia.com.br\/noticia\/2009\/%e2%80%9ccaravana-em-defesa-do-sus%e2%80%9d-chega-a-porto-velho\/5687","title":{"rendered":"\u201cCaravana em Defesa do SUS\u201d  chega a Porto velho"},"content":{"rendered":"<p>     \u201cConstruir alternativas para os gestores do SUS\u201d. Esta foi a palavra de abertura na solenidade que levou milhares de pessoas ao gin\u00e1sio Cl\u00e1udio Coutinho na manh\u00e3 desta sexta feira, 17. Caravanas de alguns munic\u00edpios marcaram presen\u00e7a no evento que durante todo o dia teve uma programa\u00e7\u00e3o especial. O representante do Minist\u00e9rio da Sa\u00fade, Ant\u00f4nio Alves, que falou em nome do ministro Jos\u00e9 Gomes Tempor\u00e3o, fez uma explana\u00e7\u00e3o da evolu\u00e7\u00e3o do Sistema \u00danico de Sa\u00fade nestes vinte anos de implanta\u00e7\u00e3o.<br \/>\n     A Caravana do SUS est\u00e1 sendo realizada em todo o pa\u00eds pelo Conselho Nacional de Sa\u00fade e pela comiss\u00e3o organizadora da 1\u00aa Confer\u00eancia Mundial de Desenvolvimento dos Sistemas Universais de Sa\u00fade e Seguridade Social. O objetivo \u00e9 promover debates em torno da conjuntura atual na sa\u00fade, considerando a crise e as dificuldades no aumento de investimentos p\u00fablicos e de servi\u00e7os, respeitando realidades espec\u00edficas e necessidades de cada Estado. Para o presidente do Conselho Nacional de Sa\u00fade, Francisco Batista J\u00fanior, \u201ca sa\u00fade \u00e9 um desafio t\u00e3o grande que precisa haver um comprometimento maior da sociedade e um dos prop\u00f3sitos da Caravana do SUS \u00e9 justamente sugerir alternativas para melhorar o sistema\u201d.<br \/>\n     A Prefeitura de Porto Velho, atrav\u00e9s da Secretaria Municipal de Sa\u00fade, participou da \u201cCaravana em Defesa do SUS\u201d na regi\u00e3o norte, levando uma estrutura de orienta\u00e7\u00e3o e educa\u00e7\u00e3o, com distribui\u00e7\u00e3o de panfletos e folders de esclarecimentos sobre a preven\u00e7\u00e3o de v\u00e1rias doen\u00e7as. Segundo o secret\u00e1rio Williamens Pimentel, o momento \u00e9 importante para a conscientiza\u00e7\u00e3o da sociedade sobre os benef\u00edcios j\u00e1 alcan\u00e7ados com o sistema \u00fanico de sa\u00fade. \u201cA gest\u00e3o evolutiva do SUS, sem d\u00favida, resgatou a dignidade do povo brasileiro. Ainda precisamos melhorar, e a caravana levada a todas as regi\u00f5es do pa\u00eds ser\u00e1 uma grande oportunidade para que a popula\u00e7\u00e3o seja ouvida\u201d disse o secret\u00e1rio.<br \/>\n     A Caravana em Defesa do SUS foi lan\u00e7ada em Bras\u00edlia (DF), em mar\u00e7o, pela C\u00e2mara dos Deputados e agora chega a regi\u00e3o norte trazendo como tema central, a \u201cDefesa do SUS Como Patrim\u00f4nio Social e Cultural da Humanidade\u201d. <\/p>\n<p>Por Nara Vargas<\/p>\n","protected":false},"excerpt":{"rendered":"<p>\u201cConstruir alternativas para os gestores do SUS\u201d. Esta foi a palavra de abertura na solenidade que levou milhares de pessoas ao gin\u00e1sio Cl\u00e1udio Coutinho na manh\u00e3 desta sexta feira, 17. Caravanas de alguns munic\u00edpios marcaram presen\u00e7a no evento que durante todo o dia teve uma programa\u00e7\u00e3o especial. O representante do Minist\u00e9rio da Sa\u00fade, Ant\u00f4nio Alves, [&hellip;]<\/p>\n","protected":false},"author":2,"featured_media":0,"comment_status":"open","ping_status":"open","sticky":false,"template":"","format":"standard","meta":{"tdm_status":"","tdm_grid_status":"","footnotes":""},"categories":[22,5],"tags":[],"class_list":{"0":"post-5687","1":"post","2":"type-post","3":"status-publish","4":"format-standard","6":"category-brasil","7":"category-saude-e-vida"},"_links":{"self":[{"href":"https:\/\/migracao.redenoticia.com.br\/noticia\/wp-json\/wp\/v2\/posts\/5687","targetHints":{"allow":["GET"]}}],"collection":[{"href":"https:\/\/migracao.redenoticia.com.br\/noticia\/wp-json\/wp\/v2\/posts"}],"about":[{"href":"https:\/\/migracao.redenoticia.com.br\/noticia\/wp-json\/wp\/v2\/types\/post"}],"author":[{"embeddable":true,"href":"https:\/\/migracao.redenoticia.com.br\/noticia\/wp-json\/wp\/v2\/users\/2"}],"replies":[{"embeddable":true,"href":"https:\/\/migracao.redenoticia.com.br\/noticia\/wp-json\/wp\/v2\/comments?post=5687"}],"version-history":[{"count":0,"href":"https:\/\/migracao.redenoticia.com.br\/noticia\/wp-json\/wp\/v2\/posts\/5687\/revisions"}],"wp:attachment":[{"href":"https:\/\/migracao.redenoticia.com.br\/noticia\/wp-json\/wp\/v2\/media?parent=5687"}],"wp:term":[{"taxonomy":"category","embeddable":true,"href":"https:\/\/migracao.redenoticia.com.br\/noticia\/wp-json\/wp\/v2\/categories?post=5687"},{"taxonomy":"post_tag","embeddable":true,"href":"https:\/\/migracao.redenoticia.com.br\/noticia\/wp-json\/wp\/v2\/tags?post=5687"}],"curies":[{"name":"wp","href":"https:\/\/api.w.org\/{rel}","templated":true}]}}