{"id":56916,"date":"2014-07-07T13:45:06","date_gmt":"2014-07-07T16:45:06","guid":{"rendered":"http:\/\/www.redenoticia.com.br\/noticia\/?p=56916"},"modified":"2014-07-07T13:45:06","modified_gmt":"2014-07-07T16:45:06","slug":"unicamp-oferece-curso-on-line-de-programacao-em-processamento-de-imagens","status":"publish","type":"post","link":"https:\/\/migracao.redenoticia.com.br\/noticia\/2014\/unicamp-oferece-curso-on-line-de-programacao-em-processamento-de-imagens\/56916","title":{"rendered":"Unicamp oferece curso on-line de programa\u00e7\u00e3o em processamento de imagens"},"content":{"rendered":"<p>Ag\u00eancia FAPESP\u00a0\u2013 A Faculdade de Engenharia El\u00e9trica e de Computa\u00e7\u00e3o (FEEC) da Universidade Estadual de Campinas (Unicamp) realiza, de 3 de agosto a 6 de setembro, o curso on-line \u201cLaborat\u00f3rio de introdu\u00e7\u00e3o ao <em><strong>processamento de imagens<\/strong> <\/em>e reconhecimento de padr\u00f5es utilizando a linguagem Python e biblioteca Numpy\u201d. As inscri\u00e7\u00f5es s\u00e3o gratuitas.<\/p>\n<p style=\"color: #000000;\">O objetivo do curso \u00e9 aprimorar as habilidades de programa\u00e7\u00e3o dos alunos utilizando o modelo matricial, evitando o uso de comandos expl\u00edcitos de la\u00e7o, e introduzir conceitos pr\u00e1ticos de processamento de imagens e reconhecimentos de padr\u00f5es, al\u00e9m de difundir o uso do pacote num\u00e9rico Numpy e propiciar um ambiente moderno de aprendizagem te\u00f3rico-pr\u00e1tica de programa\u00e7\u00e3o matricial utilizando a plataforma colaborativa Adessowiki.<\/p>\n<p style=\"color: #000000;\">Para participar \u00e9 necess\u00e1rio ter habilidade com programa\u00e7\u00e3o cient\u00edfica em C\/C++, Java, MATLAB ou outras linguagens equivalentes, al\u00e9m de curso superior completo ou incompleto com \u00eanfase em engenharia ou disciplinas que exijam conhecimento em programa\u00e7\u00e3o, \u00e1lgebra, c\u00e1lculo e estat\u00edstica.<\/p>\n<p style=\"color: #000000;\">As inscri\u00e7\u00f5es v\u00e3o at\u00e9 31 de julho, em\u00a0<a style=\"color: #6c8dbe;\" href=\"http:\/\/adessowiki.fee.unicamp.br\/adesso-1\" target=\"_blank\">adessowiki.fee.unicamp.br\/adesso-1<\/a>.<\/p>\n<p style=\"color: #000000;\">Mais informa\u00e7\u00f5es em<a style=\"color: #6c8dbe;\" href=\"http:\/\/adessowiki.fee.unicamp.br\/adesso\/wiki\/main\/cursonumpypirp3e\/view\/\" target=\"_blank\">adessowiki.fee.unicamp.br\/adesso\/wiki\/main\/cursonumpypirp3e\/view\/.\u00a0<\/a><\/p>\n","protected":false},"excerpt":{"rendered":"<p>Ag\u00eancia FAPESP\u00a0\u2013 A Faculdade de Engenharia El\u00e9trica e de Computa\u00e7\u00e3o (FEEC) da Universidade Estadual de Campinas (Unicamp) realiza, de 3 de agosto a 6 de setembro, o curso on-line \u201cLaborat\u00f3rio de introdu\u00e7\u00e3o ao processamento de imagens e reconhecimento de padr\u00f5es utilizando a linguagem Python e biblioteca Numpy\u201d. As inscri\u00e7\u00f5es s\u00e3o gratuitas. O objetivo do curso [&hellip;]<\/p>\n","protected":false},"author":2,"featured_media":37419,"comment_status":"open","ping_status":"closed","sticky":false,"template":"","format":"standard","meta":{"tdm_status":"","tdm_grid_status":"","footnotes":""},"categories":[22,351,370],"tags":[],"class_list":{"0":"post-56916","1":"post","2":"type-post","3":"status-publish","4":"format-standard","5":"has-post-thumbnail","7":"category-brasil","8":"category-cursos","9":"category-inscricao"},"_links":{"self":[{"href":"https:\/\/migracao.redenoticia.com.br\/noticia\/wp-json\/wp\/v2\/posts\/56916","targetHints":{"allow":["GET"]}}],"collection":[{"href":"https:\/\/migracao.redenoticia.com.br\/noticia\/wp-json\/wp\/v2\/posts"}],"about":[{"href":"https:\/\/migracao.redenoticia.com.br\/noticia\/wp-json\/wp\/v2\/types\/post"}],"author":[{"embeddable":true,"href":"https:\/\/migracao.redenoticia.com.br\/noticia\/wp-json\/wp\/v2\/users\/2"}],"replies":[{"embeddable":true,"href":"https:\/\/migracao.redenoticia.com.br\/noticia\/wp-json\/wp\/v2\/comments?post=56916"}],"version-history":[{"count":0,"href":"https:\/\/migracao.redenoticia.com.br\/noticia\/wp-json\/wp\/v2\/posts\/56916\/revisions"}],"wp:featuredmedia":[{"embeddable":true,"href":"https:\/\/migracao.redenoticia.com.br\/noticia\/wp-json\/wp\/v2\/media\/37419"}],"wp:attachment":[{"href":"https:\/\/migracao.redenoticia.com.br\/noticia\/wp-json\/wp\/v2\/media?parent=56916"}],"wp:term":[{"taxonomy":"category","embeddable":true,"href":"https:\/\/migracao.redenoticia.com.br\/noticia\/wp-json\/wp\/v2\/categories?post=56916"},{"taxonomy":"post_tag","embeddable":true,"href":"https:\/\/migracao.redenoticia.com.br\/noticia\/wp-json\/wp\/v2\/tags?post=56916"}],"curies":[{"name":"wp","href":"https:\/\/api.w.org\/{rel}","templated":true}]}}