{"id":5695,"date":"2009-07-17T15:42:33","date_gmt":"2009-07-17T19:42:33","guid":{"rendered":"http:\/\/www.redenoticia.com.br\/noticia\/?p=5695"},"modified":"2009-07-17T17:11:56","modified_gmt":"2009-07-17T21:11:56","slug":"ministro-da-previdencia-inaugura-duas-unidades-do-inss-em-rondonia","status":"publish","type":"post","link":"https:\/\/migracao.redenoticia.com.br\/noticia\/2009\/ministro-da-previdencia-inaugura-duas-unidades-do-inss-em-rondonia\/5695","title":{"rendered":"Ministro da Previd\u00eancia inaugura duas unidades do INSS em Rond\u00f4nia"},"content":{"rendered":"<p>O ministro da Previd\u00eancia Social, Jos\u00e9 Pimentel, e o presidente do Instituto Nacional do Seguro Social (INSS), Valdir Sim\u00e3o, inauguram nesta segunda-feira (20), em Rond\u00f4nia, os novos pr\u00e9dios das Ag\u00eancias da Previd\u00eancia Social (APS) dos munic\u00edpios de Rolim de Moura e Colorado D\u2019Oeste. As duas unidades funcionavam h\u00e1 17 anos em im\u00f3veis alugados.<br \/>\nOs pr\u00e9dios foram constru\u00eddos de acordo com o projeto de padroniza\u00e7\u00e3o que est\u00e1 sendo adotado em toda a rede de atendimento do INSS. Modernas, climatizadas e com amplos espa\u00e7os, as novas instala\u00e7\u00f5es oferecem mais conforto ao segurado que procura os servi\u00e7os da Previd\u00eancia Social.<\/p>\n<p>As unidades foram totalmente informatizadas e receberam mobili\u00e1rio novo e dispositivos de seguran\u00e7a. Contam tamb\u00e9m com acessibilidade para pessoas portadoras de defici\u00eancias e sinaliza\u00e7\u00e3o interna para orientar o cidad\u00e3o.<\/p>\n<p><strong>Inaugura\u00e7\u00f5es em Rond\u00f4nia<\/strong><\/p>\n<p><strong>APS Rolim de Moura<\/strong><br \/>\n<strong>Data:<\/strong> 20\/07<br \/>\n<strong>Hora: <\/strong>8h<br \/>\n<strong>Local: <\/strong>Av. Rio Branco, 4466, Centro<\/p>\n<p><strong>APS Colorado do D\u2019Oeste <\/strong><br \/>\n<strong>Data:<\/strong> 20\/07<br \/>\n<strong>Hora:<\/strong> 12h30<br \/>\n<strong>Local:<\/strong> Rua Potiguara, 3914 \u2013 Centro<\/p>\n","protected":false},"excerpt":{"rendered":"<p>O ministro da Previd\u00eancia Social, Jos\u00e9 Pimentel, e o presidente do Instituto Nacional do Seguro Social (INSS), Valdir Sim\u00e3o, inauguram nesta segunda-feira (20), em Rond\u00f4nia, os novos pr\u00e9dios das Ag\u00eancias da Previd\u00eancia Social (APS) dos munic\u00edpios de Rolim de Moura e Colorado D\u2019Oeste. As duas unidades funcionavam h\u00e1 17 anos em im\u00f3veis alugados. Os pr\u00e9dios [&hellip;]<\/p>\n","protected":false},"author":3,"featured_media":0,"comment_status":"open","ping_status":"open","sticky":false,"template":"","format":"standard","meta":{"tdm_status":"","tdm_grid_status":"","footnotes":""},"categories":[22,5],"tags":[],"class_list":{"0":"post-5695","1":"post","2":"type-post","3":"status-publish","4":"format-standard","6":"category-brasil","7":"category-saude-e-vida"},"_links":{"self":[{"href":"https:\/\/migracao.redenoticia.com.br\/noticia\/wp-json\/wp\/v2\/posts\/5695","targetHints":{"allow":["GET"]}}],"collection":[{"href":"https:\/\/migracao.redenoticia.com.br\/noticia\/wp-json\/wp\/v2\/posts"}],"about":[{"href":"https:\/\/migracao.redenoticia.com.br\/noticia\/wp-json\/wp\/v2\/types\/post"}],"author":[{"embeddable":true,"href":"https:\/\/migracao.redenoticia.com.br\/noticia\/wp-json\/wp\/v2\/users\/3"}],"replies":[{"embeddable":true,"href":"https:\/\/migracao.redenoticia.com.br\/noticia\/wp-json\/wp\/v2\/comments?post=5695"}],"version-history":[{"count":0,"href":"https:\/\/migracao.redenoticia.com.br\/noticia\/wp-json\/wp\/v2\/posts\/5695\/revisions"}],"wp:attachment":[{"href":"https:\/\/migracao.redenoticia.com.br\/noticia\/wp-json\/wp\/v2\/media?parent=5695"}],"wp:term":[{"taxonomy":"category","embeddable":true,"href":"https:\/\/migracao.redenoticia.com.br\/noticia\/wp-json\/wp\/v2\/categories?post=5695"},{"taxonomy":"post_tag","embeddable":true,"href":"https:\/\/migracao.redenoticia.com.br\/noticia\/wp-json\/wp\/v2\/tags?post=5695"}],"curies":[{"name":"wp","href":"https:\/\/api.w.org\/{rel}","templated":true}]}}