{"id":5698,"date":"2009-07-17T15:48:23","date_gmt":"2009-07-17T19:48:23","guid":{"rendered":"http:\/\/www.redenoticia.com.br\/noticia\/?p=5698"},"modified":"2009-07-27T02:08:08","modified_gmt":"2009-07-27T02:08:08","slug":"climatempo-divulga-que-tempo-muda-no-fim-de-semana-em-sao-paulo","status":"publish","type":"post","link":"https:\/\/migracao.redenoticia.com.br\/noticia\/2009\/climatempo-divulga-que-tempo-muda-no-fim-de-semana-em-sao-paulo\/5698","title":{"rendered":"Climatempo divulga que tempo muda no fim de semana em S\u00e3o Paulo"},"content":{"rendered":"<p>Segundo a Climatempo, paulistano ter\u00e1 retorno da chuva e do frio. A Grande S\u00e3o Paulo amanheceu com neblina, o que prejudicou as opera\u00e7\u00f5es no aeroporto internacional de Guarulhos. Segundo a Infraero, o problema fez nove voos serem desviados. O fen\u00f4meno j\u00e1 se dissipou e o sol voltou a aparecer. A temperatura sobe rapidamente hoje e a m\u00e1xima prevista \u00e9 de 26\u00b0C na capital.<\/p>\n<p>No fim de semana, a previs\u00e3o indica mudan\u00e7as. Neste s\u00e1bado, uma frente fria aumenta a nebulosidade sobre a regi\u00e3o metropolitana e o litoral de S\u00e3o Paulo. O sol ainda aparece pela manh\u00e3, mas chove \u00e0 tarde e \u00e0 noite, at\u00e9 com moderada intensidade. M\u00ednima prevista de 15\u00b0C e m\u00e1xima de 24\u00b0C.<br \/>\nNo domingo, o sol reaparece na capital paulista no meio de nuvens e a entrada de uma massa de ar frio polar causa queda de temperatura. A m\u00e1xima prevista \u00e9 de 19\u00b0C. No litoral, Vale do Para\u00edba e serra da Mantiqueira, c\u00e9u nublado e chuva a qualquer hora do dia.<br \/>\nNa segunda-feira, o dia amanhece nublado e at\u00e9 com chuviscos em S\u00e3o Paulo, mas o sol reaparece fraco e faz frio. No litoral, a previs\u00e3o \u00e9 de aberturas de sol e chuva fraca a qualquer hora.<\/p>\n<p>Sobre o Grupo Climatempo<br \/>\nO Grupo Climatempo \u00e9 a maior empresa privada de meteorologia do pa\u00eds. Uma holding formada pela Climatempo Consultoria, Ag\u00eancia Climatempo, a TV Climatempo e a CLIMANET (Internet, servi\u00e7os de tecnologia e inform\u00e1tica). Atualmente, o Grupo Climatempo fornece conte\u00fado para os principais portais do pa\u00eds, mais de 50 retransmissoras de televis\u00e3o do Brasil, r\u00e1dios e tem cerca de mil clientes. Os dois principais segmentos atendidos s\u00e3o o de agroneg\u00f3cios e meios de comunica\u00e7\u00e3o. Al\u00e9m destes, fornece conte\u00fado meteorol\u00f3gico estrat\u00e9gico para produtoras, a ind\u00fastria eletroeletr\u00f4nica e t\u00eaxtil, com\u00e9rcio, moda e turismo, constru\u00e7\u00e3o civil, setor de energia, entre outros setores.<br \/>\nO Grupo \u00e9 presidido pelo meteorologista Carlos Magno, um dos primeiros comunicadores da profiss\u00e3o no Pa\u00eds, com mais de 23 anos de carreira, que ajudou a mudar a cultura que o brasileiro tinha sobre a meteorologia. O Grupo Climatempo conta ainda com Ana L\u00facia Frony vice-presidente, Renato Urbinder, s\u00f3cio-diretor (Diretor de Neg\u00f3cios e Projetos Especiais), e os diretores executivos Gilca Palma (Climatempo Meteorologia), Andr\u00e9 Madeira (Ag\u00eancia Climatempo) e o jornalista Paulo Polli (TV Climatempo) no Conselho Consultivo.<\/p>\n","protected":false},"excerpt":{"rendered":"<p>Segundo a Climatempo, paulistano ter\u00e1 retorno da chuva e do frio. A Grande S\u00e3o Paulo amanheceu com neblina, o que prejudicou as opera\u00e7\u00f5es no aeroporto internacional de Guarulhos. Segundo a Infraero, o problema fez nove voos serem desviados. O fen\u00f4meno j\u00e1 se dissipou e o sol voltou a aparecer. A temperatura sobe rapidamente hoje e [&hellip;]<\/p>\n","protected":false},"author":3,"featured_media":0,"comment_status":"open","ping_status":"open","sticky":false,"template":"","format":"standard","meta":{"tdm_status":"","tdm_grid_status":"","footnotes":""},"categories":[22,327],"tags":[],"class_list":{"0":"post-5698","1":"post","2":"type-post","3":"status-publish","4":"format-standard","6":"category-brasil","7":"category-clima"},"_links":{"self":[{"href":"https:\/\/migracao.redenoticia.com.br\/noticia\/wp-json\/wp\/v2\/posts\/5698","targetHints":{"allow":["GET"]}}],"collection":[{"href":"https:\/\/migracao.redenoticia.com.br\/noticia\/wp-json\/wp\/v2\/posts"}],"about":[{"href":"https:\/\/migracao.redenoticia.com.br\/noticia\/wp-json\/wp\/v2\/types\/post"}],"author":[{"embeddable":true,"href":"https:\/\/migracao.redenoticia.com.br\/noticia\/wp-json\/wp\/v2\/users\/3"}],"replies":[{"embeddable":true,"href":"https:\/\/migracao.redenoticia.com.br\/noticia\/wp-json\/wp\/v2\/comments?post=5698"}],"version-history":[{"count":0,"href":"https:\/\/migracao.redenoticia.com.br\/noticia\/wp-json\/wp\/v2\/posts\/5698\/revisions"}],"wp:attachment":[{"href":"https:\/\/migracao.redenoticia.com.br\/noticia\/wp-json\/wp\/v2\/media?parent=5698"}],"wp:term":[{"taxonomy":"category","embeddable":true,"href":"https:\/\/migracao.redenoticia.com.br\/noticia\/wp-json\/wp\/v2\/categories?post=5698"},{"taxonomy":"post_tag","embeddable":true,"href":"https:\/\/migracao.redenoticia.com.br\/noticia\/wp-json\/wp\/v2\/tags?post=5698"}],"curies":[{"name":"wp","href":"https:\/\/api.w.org\/{rel}","templated":true}]}}