{"id":5700,"date":"2009-07-17T15:51:45","date_gmt":"2009-07-17T19:51:45","guid":{"rendered":"http:\/\/www.redenoticia.com.br\/noticia\/?p=5700"},"modified":"2009-07-27T02:07:58","modified_gmt":"2009-07-27T02:07:58","slug":"climatempo-informa-sobre-fim-de-semana-de-inverno-no-sul-do-brasil","status":"publish","type":"post","link":"https:\/\/migracao.redenoticia.com.br\/noticia\/2009\/climatempo-informa-sobre-fim-de-semana-de-inverno-no-sul-do-brasil\/5700","title":{"rendered":"Climatempo informa sobre fim de semana de inverno no Sul do Brasil"},"content":{"rendered":"<p>Al\u00e9m das baixas temperaturas, a passagem de um ciclone extratropical provoca ventos fortes no litoral. Depois de dois dias com muitas nuvens e chuva, o sol volta a predominar no Sul do Brasil. A nova massa polar que entrou na regi\u00e3o provoca queda de temperatura e garante o clima de inverno. Neste s\u00e1bado, deve chover ainda no Vale do Itaja\u00ed, no litoral norte de Santa Catarina, na Grande Curitiba e no litoral do Paran\u00e1. Mas a chuva ser\u00e1 fraca. Algumas pancadas podem ocorrer tamb\u00e9m no norte paranaense. Nas outras \u00e1reas da Regi\u00e3o Sul, o sol predomina. Pode gear novamente em v\u00e1rias cidades nas \u00e1reas de planalto e serra do Rio Grande do Sul, de Santa Catarina e do sul do Paran\u00e1. Com o frio, muitas localidades da Regi\u00e3o podem amanhecer com m\u00e1 visibilidade, por conta do nevoeiro.<br \/>\nO domingo tamb\u00e9m ser\u00e1 frio em toda a Regi\u00e3o Sul, mas n\u00e3o deve gear. O sol vai aparecer na maior parte do dia, por toda a regi\u00e3o. O litoral ga\u00facho e catarinense ter\u00e1 muitas nuvens, mas n\u00e3o deve chover. No norte do Paran\u00e1, a previs\u00e3o \u00e9 de chuva r\u00e1pida. H\u00e1 condi\u00e7\u00f5es para nevoeiro no come\u00e7o da manh\u00e3 em todos os sstados.<\/p>\n<p>Alerta de ventos fortes no litoral da Regi\u00e3o Sul<\/p>\n<p>Em Mostardas, na parte central do litoral do Rio Grande do Sul, a quinta-feira foi marcada por fortes rajadas de vento, sempre superiores a 60 km\/h. At\u00e9 as 19 horas, a rajadas mais intensas tinham alcan\u00e7ado 87 km\/h, \u00e0s 8 horas da manh\u00e3. O aumento da velocidade dos ventos no litoral do Rio Grande do Sul ocorreu por causa do processo de forma\u00e7\u00e3o de um novo ciclone extratropical entre o litoral ga\u00facho e o Uruguai. Este ciclone se organizou completamente nesta sexta-feira, mas n\u00e3o \u00e9 um sistema forte. As estimativas feitas por computadores apontam que, at\u00e9 o s\u00e1bado, o centro de press\u00e3o m\u00ednimo chegue a 1016 hPa. Um ciclone extratropical de forte intensidade tem valor m\u00ednimo de press\u00e3o de 100 hPa, ou menos.<\/p>\n<p>Os meteorologistas da Climatempo alertam que este ciclone ainda vai provocar ventos fortes na costa sul do Brasil e no Uruguai at\u00e9 o s\u00e1bado. O mar volta a ficar agitado e a navega\u00e7\u00e3o deve ser evitada. Mesmo com o afastamento do ciclone no domingo, deve ventar forte no litoral da Regi\u00e3o Sul no domingo, por conta de uma grande e forte massa de ar frio polar que estar\u00e1 passando pelo litoral da Argentina. Os ventos frios deste sistema devem chegar tamb\u00e9m ao litoral do Sudeste.<\/p>\n<p>Produtores finalizam trabalhos no campo<\/p>\n<p>Os produtores de trigo do Rio Grande do Sul est\u00e3o com os trabalhos de safra dentro do campo praticamente conclu\u00eddos. De acordo com os agricultores, a chuva e o frio colaboraram para o crescimento do trigo. Na regi\u00e3o de Santa Rosa, 70% da \u00e1rea semeada j\u00e1 se encontra em alongamento da planta e \u00e9 nesta etapa que aparecem as primeiras doen\u00e7as. Por isso, neste momento, os trabalhos se concentram em monitorar as lavouras, para evitar o surgimento de doen\u00e7as que possam comprometer a produtividade.<br \/>\nO Rio Grande do Sul deve plantar, nesta safra, oitocentos e sessenta mil hectares de trigo. A \u00e1rea \u00e9 11% menor do que a cultivada no ano passado.<\/p>\n<p>Sobre o Grupo Climatempo<br \/>\nO Grupo Climatempo \u00e9 a maior empresa privada de meteorologia do pa\u00eds. Uma holding formada pela Climatempo Consultoria, Ag\u00eancia Climatempo, a TV Climatempo e a CLIMANET (Internet, servi\u00e7os de tecnologia e inform\u00e1tica). Atualmente, o Grupo Climatempo fornece conte\u00fado para os principais portais do pa\u00eds, mais de 50 retransmissoras de televis\u00e3o do Brasil, r\u00e1dios e tem cerca de mil clientes. Os dois principais segmentos atendidos s\u00e3o o de agroneg\u00f3cios e meios de comunica\u00e7\u00e3o. Al\u00e9m destes, fornece conte\u00fado meteorol\u00f3gico estrat\u00e9gico para produtoras, a ind\u00fastria eletroeletr\u00f4nica e t\u00eaxtil, com\u00e9rcio, moda e turismo, constru\u00e7\u00e3o civil, setor de energia, entre outros setores.<\/p>\n<p>O Grupo \u00e9 presidido pelo meteorologista Carlos Magno, um dos primeiros comunicadores da profiss\u00e3o no Pa\u00eds, com mais de 23 anos de carreira, que ajudou a mudar a cultura que o brasileiro tinha sobre a meteorologia. O Grupo Climatempo conta ainda com Ana L\u00facia Frony vice-presidente, Renato Urbinder, s\u00f3cio-diretor (Diretor de Neg\u00f3cios e Projetos Especiais), e os diretores executivos Gilca Palma (Climatempo Meteorologia), Andr\u00e9 Madeira (Ag\u00eancia Climatempo) e o jornalista Paulo Polli (TV Climatempo) no Conselho Consultivo.<\/p>\n","protected":false},"excerpt":{"rendered":"<p>Al\u00e9m das baixas temperaturas, a passagem de um ciclone extratropical provoca ventos fortes no litoral. Depois de dois dias com muitas nuvens e chuva, o sol volta a predominar no Sul do Brasil. A nova massa polar que entrou na regi\u00e3o provoca queda de temperatura e garante o clima de inverno. Neste s\u00e1bado, deve chover [&hellip;]<\/p>\n","protected":false},"author":3,"featured_media":0,"comment_status":"open","ping_status":"open","sticky":false,"template":"","format":"standard","meta":{"tdm_status":"","tdm_grid_status":"","footnotes":""},"categories":[22,327],"tags":[],"class_list":{"0":"post-5700","1":"post","2":"type-post","3":"status-publish","4":"format-standard","6":"category-brasil","7":"category-clima"},"_links":{"self":[{"href":"https:\/\/migracao.redenoticia.com.br\/noticia\/wp-json\/wp\/v2\/posts\/5700","targetHints":{"allow":["GET"]}}],"collection":[{"href":"https:\/\/migracao.redenoticia.com.br\/noticia\/wp-json\/wp\/v2\/posts"}],"about":[{"href":"https:\/\/migracao.redenoticia.com.br\/noticia\/wp-json\/wp\/v2\/types\/post"}],"author":[{"embeddable":true,"href":"https:\/\/migracao.redenoticia.com.br\/noticia\/wp-json\/wp\/v2\/users\/3"}],"replies":[{"embeddable":true,"href":"https:\/\/migracao.redenoticia.com.br\/noticia\/wp-json\/wp\/v2\/comments?post=5700"}],"version-history":[{"count":0,"href":"https:\/\/migracao.redenoticia.com.br\/noticia\/wp-json\/wp\/v2\/posts\/5700\/revisions"}],"wp:attachment":[{"href":"https:\/\/migracao.redenoticia.com.br\/noticia\/wp-json\/wp\/v2\/media?parent=5700"}],"wp:term":[{"taxonomy":"category","embeddable":true,"href":"https:\/\/migracao.redenoticia.com.br\/noticia\/wp-json\/wp\/v2\/categories?post=5700"},{"taxonomy":"post_tag","embeddable":true,"href":"https:\/\/migracao.redenoticia.com.br\/noticia\/wp-json\/wp\/v2\/tags?post=5700"}],"curies":[{"name":"wp","href":"https:\/\/api.w.org\/{rel}","templated":true}]}}