{"id":57056,"date":"2014-07-12T20:35:38","date_gmt":"2014-07-12T23:35:38","guid":{"rendered":"http:\/\/www.redenoticia.com.br\/noticia\/?p=57056"},"modified":"2014-07-12T20:35:38","modified_gmt":"2014-07-12T23:35:38","slug":"novela-em-familia-silvia-e-felipe-resolvem-morar-em-goiania","status":"publish","type":"post","link":"https:\/\/migracao.redenoticia.com.br\/noticia\/2014\/novela-em-familia-silvia-e-felipe-resolvem-morar-em-goiania\/57056","title":{"rendered":"Novela &#8220;Em Fam\u00edlia&#8221;: Silvia e Felipe resolvem morar em Goi\u00e2nia"},"content":{"rendered":"<p><a href=\"https:\/\/migracao.redenoticia.com.br\/noticia\/imagens\/novela-em-familia.jpg\"><img loading=\"lazy\" decoding=\"async\" class=\"alignleft size-medium wp-image-51847\" src=\"https:\/\/migracao.redenoticia.com.br\/noticia\/imagens\/novela-em-familia-187x187.jpg\" alt=\"novela-em-familia\" width=\"187\" height=\"187\" srcset=\"https:\/\/migracao.redenoticia.com.br\/noticia\/imagens\/novela-em-familia-187x187.jpg 187w, https:\/\/migracao.redenoticia.com.br\/noticia\/imagens\/novela-em-familia.jpg 300w, https:\/\/migracao.redenoticia.com.br\/noticia\/imagens\/novela-em-familia-150x150.jpg 150w, https:\/\/migracao.redenoticia.com.br\/noticia\/imagens\/novela-em-familia-110x110.jpg 110w, https:\/\/migracao.redenoticia.com.br\/noticia\/imagens\/novela-em-familia-50x50.jpg 50w\" sizes=\"auto, (max-width: 187px) 100vw, 187px\" \/><\/a><strong><em>Novela &#8220;Em Fam\u00edlia&#8221;:<\/em><\/strong> Silvia (Bianca Rinaldi) convence Felipe (Thiago Mendon\u00e7a) a voltar para a clinica e faz uma festa surpresa para ele. Felipe diz que \u00e9 gratificante voltar a fazer a \u00fanica coisa que sabe fazer da vida. Logo depois, Silvia diz para Clara (Giovanna Antonelli) que esqueceu Cadu (Reynaldo Gianecchini). Apaixonado por Silvia e curado do alcoolismo, Felipe a convida para morarem juntos em Goi\u00e2nia. Silvia pede um tempo para pensar. Durante uma conversa com Chica (Natalia do Vale) e Ricardo (Herson Capri), Silvia diz que est\u00e1 apaixonada por Felipe e eles pensam em morar juntos em Goi\u00e2nia. Chica oferece a casa que eles moravam e eles brindam com suco.<\/p>\n<p>Fonte Rede Globo \u2013 nos pr\u00f3ximos cap\u00edtulos da novela \u201cEm Fam\u00edlia\u201d Ver\u00f4nica elogia o empenho de Ivan ao piano. Selma acha que Laerte pode estar desenvolvendo a mesma doen\u00e7a que ela tem. Neidinha diz a Theo que est\u00e1 feliz por Alice ter conhecido Vitor. Andr\u00e9 diz a B\u00e1rbara que n\u00e3o sabe se deve confiar em Helo\u00edsa. Luiza pensa em seu casamento com Laerte e se lembra dos conselhos de Virg\u00edlio e Helena.<\/p>\n<p>Luiza fica chateada por Laerte v\u00ea-la com o vestido de noiva e os dois acabam em uma discuss\u00e3o na frente da costureira. Chica vai esperar Ricardo no aeroporto e se incomoda ao ver Branca descendo do mesmo avi\u00e3o com Gabriel. Luiza decide morar com Helena\u00a0e Virg\u00edlio\u00a0at\u00e9 seu casamento, deixando Laerte irritado. Clara diz a Silvia que est\u00e1 feliz por v\u00ea-la namorando Felipe. Juliana conta para Jairo que Nando pode ser o pai de Bia e pede que os dois fa\u00e7am o exame de DNA. Neidinha e Theo, Alice e Vitor se casam em uma cerim\u00f4nia \u00fanica na casa de repouso. O exame de DNA revela que Nando \u00e9 o pai biol\u00f3gico de Bia. Juliana consola Jairo, que fica arrasado. <\/p>\n<p>Marina e Clara convidam Cadu e Ver\u00f4nica para serem padrinhos do casamento. Felipe conta para Chica que pensa em se mudar para Goi\u00e2nia com Silvia. Rafaela descobre que est\u00e1 gr\u00e1vida de g\u00eameos. Luiza e Laerte brigam. Branca mostra o contrato de sociedade para Gabriel, que fica desconfiado. Luiza corre para a casa dos pais e Laerte vai atr\u00e1s, invadindo o apartamento. Laerte acusa Helena de querer feri-lo e vai embora com Luiza. Clara e Marina se casam diante dos amigos e da fam\u00edlia no Galp\u00e3o Cultural. Luiza e Laerte se hospedam no haras de Shirley. Gisele comunica aos pais que vai para Paris com Murilo. Gabriel se irrita ao ver Silvia e Felipe juntos. Diogo, pai de Marina,e Juliana dan\u00e7am na festa. Silvia e Ver\u00f4nica pegam os buqu\u00eas de Clara e Marina. Luiza entra no lago do haras e fica com o p\u00e9 preso no fundo.<\/p>\n","protected":false},"excerpt":{"rendered":"<p>Novela &#8220;Em Fam\u00edlia&#8221;: Silvia (Bianca Rinaldi) convence Felipe (Thiago Mendon\u00e7a) a voltar para a clinica e faz uma festa surpresa para ele. Felipe diz que \u00e9 gratificante voltar a fazer a \u00fanica coisa que sabe fazer da vida. Logo depois, Silvia diz para Clara (Giovanna Antonelli) que esqueceu Cadu (Reynaldo Gianecchini). Apaixonado por Silvia e [&hellip;]<\/p>\n","protected":false},"author":2,"featured_media":51847,"comment_status":"open","ping_status":"closed","sticky":false,"template":"","format":"standard","meta":{"tdm_status":"","tdm_grid_status":"","footnotes":""},"categories":[379,375,343],"tags":[],"class_list":{"0":"post-57056","1":"post","2":"type-post","3":"status-publish","4":"format-standard","5":"has-post-thumbnail","7":"category-novelas","8":"category-rede-globo","9":"category-televisao"},"_links":{"self":[{"href":"https:\/\/migracao.redenoticia.com.br\/noticia\/wp-json\/wp\/v2\/posts\/57056","targetHints":{"allow":["GET"]}}],"collection":[{"href":"https:\/\/migracao.redenoticia.com.br\/noticia\/wp-json\/wp\/v2\/posts"}],"about":[{"href":"https:\/\/migracao.redenoticia.com.br\/noticia\/wp-json\/wp\/v2\/types\/post"}],"author":[{"embeddable":true,"href":"https:\/\/migracao.redenoticia.com.br\/noticia\/wp-json\/wp\/v2\/users\/2"}],"replies":[{"embeddable":true,"href":"https:\/\/migracao.redenoticia.com.br\/noticia\/wp-json\/wp\/v2\/comments?post=57056"}],"version-history":[{"count":0,"href":"https:\/\/migracao.redenoticia.com.br\/noticia\/wp-json\/wp\/v2\/posts\/57056\/revisions"}],"wp:featuredmedia":[{"embeddable":true,"href":"https:\/\/migracao.redenoticia.com.br\/noticia\/wp-json\/wp\/v2\/media\/51847"}],"wp:attachment":[{"href":"https:\/\/migracao.redenoticia.com.br\/noticia\/wp-json\/wp\/v2\/media?parent=57056"}],"wp:term":[{"taxonomy":"category","embeddable":true,"href":"https:\/\/migracao.redenoticia.com.br\/noticia\/wp-json\/wp\/v2\/categories?post=57056"},{"taxonomy":"post_tag","embeddable":true,"href":"https:\/\/migracao.redenoticia.com.br\/noticia\/wp-json\/wp\/v2\/tags?post=57056"}],"curies":[{"name":"wp","href":"https:\/\/api.w.org\/{rel}","templated":true}]}}