{"id":5708,"date":"2009-07-17T16:28:35","date_gmt":"2009-07-17T20:28:35","guid":{"rendered":"http:\/\/www.redenoticia.com.br\/noticia\/?p=5708"},"modified":"2009-07-17T16:28:35","modified_gmt":"2009-07-17T20:28:35","slug":"mec-divulga-que-estados-e-municipios-terao-mais-tempo-para-prestar-contas-ao-fnde","status":"publish","type":"post","link":"https:\/\/migracao.redenoticia.com.br\/noticia\/2009\/mec-divulga-que-estados-e-municipios-terao-mais-tempo-para-prestar-contas-ao-fnde\/5708","title":{"rendered":"MEC divulga que estados e munic\u00edpios ter\u00e3o mais tempo para prestar contas ao FNDE"},"content":{"rendered":"<p style=\"margin: 0cm 0cm 0.0001pt;\"><span style=\"font-size: 11pt; font-family: Arial;\">Estados e munic\u00edpios ter\u00e3o mais tempo para apresentar ao Fundo Nacional de Desenvolvimento da Educa\u00e7\u00e3o (FNDE) a presta\u00e7\u00e3o de contas dos recursos recebidos para a merenda escolar. Os novos prazos est\u00e3o definidos na <a href=\"ftp:\/\/ftp.fnde.gov.br\/web\/resolucoes_2009\/res038_16072009.pdf\" target=\"_blank\"><span style=\"color: windowtext;\">Resolu\u00e7\u00e3o<\/span><\/a> n\u00ba 38\/2009, publicada nesta sexta-feira, 17, no <em><span style=\"font-family: Arial;\">Di\u00e1rio Oficial da Uni\u00e3o<\/span><\/em>.<\/span><\/p>\n<p style=\"margin: 0cm 0cm 0.0001pt;\"><span style=\"font-size: 11pt; font-family: Arial;\"><br \/>\nAs secretarias de educa\u00e7\u00e3o t\u00eam at\u00e9 15 de fevereiro do exerc\u00edcio subseq\u00fcente ao do repasse para enviar a documenta\u00e7\u00e3o ao Conselho de Alimenta\u00e7\u00e3o Escolar (CAE). O prazo anterior era 15 de janeiro. De posse dessa documenta\u00e7\u00e3o, o CAE deve apreciar as contas, emitir parecer conclusivo e encaminhar tudo ao FNDE at\u00e9 31 de mar\u00e7o, em vez de 28 de fevereiro.<\/span><\/p>\n<p style=\"margin: 0cm 0cm 0.0001pt;\"><span style=\"font-size: 11pt; font-family: Arial;\"><br \/>\n\u201cEssas novas datas trar\u00e3o mais flexibilidade e tranquilidade na elabora\u00e7\u00e3o das presta\u00e7\u00f5es de contas, visto que os exerc\u00edcios financeiros de estados e munic\u00edpios encerram-se em 31 de dezembro\u201d, afirma a coordenadora t\u00e9cnica de alimenta\u00e7\u00e3o e nutri\u00e7\u00e3o do fundo, Eliene Ferreira de Sousa.<\/span><\/p>\n<p style=\"margin: 0cm 0cm 0.0001pt;\"><span style=\"font-size: 11pt; font-family: Arial;\"><br \/>\nA resolu\u00e7\u00e3o autoriza ainda o FNDE a transferir, por 180 dias, recursos diretamente \u00e0s escolas quando o munic\u00edpio ou o estado n\u00e3o prestar contas do dinheiro recebido. Segundo Eliene, \u00e9 uma forma de n\u00e3o prejudicar o fornecimento da alimenta\u00e7\u00e3o aos alunos enquanto pend\u00eancias na presta\u00e7\u00e3o de contas s\u00e3o regularizadas.<\/span><\/p>\n<p style=\"margin: 0cm 0cm 0.0001pt;\"><span style=\"font-size: 11pt; font-family: Arial;\"><br \/>\n<strong><span style=\"font-family: Arial;\">Conselheiros<\/span><\/strong> \u2013 \u00d3rg\u00e3o m\u00e1ximo do controle social no \u00e2mbito do Programa Nacional de Alimenta\u00e7\u00e3o Escolar (Pnae), o Conselho de Alimenta\u00e7\u00e3o Escolar tamb\u00e9m passou por mudan\u00e7as. A come\u00e7ar pela sua pr\u00f3pria composi\u00e7\u00e3o, que perdeu o representante do Legislativo local e ganhou mais um representante da sociedade. \u201cEntendemos que j\u00e1 \u00e9 fun\u00e7\u00e3o do Legislativo exercer o controle das contas do Executivo. Com essa vaga, abrimos a possibilidade para mais um membro da sociedade integrar o conselho, como um estudante\u201d, diz a coordenadora.<\/span><\/p>\n<p style=\"margin: 0cm 0cm 0.0001pt;\"><span style=\"font-size: 11pt; font-family: Arial;\"><br \/>\nAl\u00e9m disso, o mandato do conselho foi aumentado de dois para quatro anos, podendo o conselheiro ser reconduzido, a crit\u00e9rio do segmento que ele representa.<\/p>\n<p>Assessoria de Comunica\u00e7\u00e3o Social do FNDE<\/span><\/p>\n","protected":false},"excerpt":{"rendered":"<p>Estados e munic\u00edpios ter\u00e3o mais tempo para apresentar ao Fundo Nacional de Desenvolvimento da Educa\u00e7\u00e3o (FNDE) a presta\u00e7\u00e3o de contas dos recursos recebidos para a merenda escolar. Os novos prazos est\u00e3o definidos na Resolu\u00e7\u00e3o n\u00ba 38\/2009, publicada nesta sexta-feira, 17, no Di\u00e1rio Oficial da Uni\u00e3o. As secretarias de educa\u00e7\u00e3o t\u00eam at\u00e9 15 de fevereiro do [&hellip;]<\/p>\n","protected":false},"author":3,"featured_media":0,"comment_status":"open","ping_status":"open","sticky":false,"template":"","format":"standard","meta":{"tdm_status":"","tdm_grid_status":"","footnotes":""},"categories":[22,7],"tags":[],"class_list":{"0":"post-5708","1":"post","2":"type-post","3":"status-publish","4":"format-standard","6":"category-brasil","7":"category-economia"},"_links":{"self":[{"href":"https:\/\/migracao.redenoticia.com.br\/noticia\/wp-json\/wp\/v2\/posts\/5708","targetHints":{"allow":["GET"]}}],"collection":[{"href":"https:\/\/migracao.redenoticia.com.br\/noticia\/wp-json\/wp\/v2\/posts"}],"about":[{"href":"https:\/\/migracao.redenoticia.com.br\/noticia\/wp-json\/wp\/v2\/types\/post"}],"author":[{"embeddable":true,"href":"https:\/\/migracao.redenoticia.com.br\/noticia\/wp-json\/wp\/v2\/users\/3"}],"replies":[{"embeddable":true,"href":"https:\/\/migracao.redenoticia.com.br\/noticia\/wp-json\/wp\/v2\/comments?post=5708"}],"version-history":[{"count":0,"href":"https:\/\/migracao.redenoticia.com.br\/noticia\/wp-json\/wp\/v2\/posts\/5708\/revisions"}],"wp:attachment":[{"href":"https:\/\/migracao.redenoticia.com.br\/noticia\/wp-json\/wp\/v2\/media?parent=5708"}],"wp:term":[{"taxonomy":"category","embeddable":true,"href":"https:\/\/migracao.redenoticia.com.br\/noticia\/wp-json\/wp\/v2\/categories?post=5708"},{"taxonomy":"post_tag","embeddable":true,"href":"https:\/\/migracao.redenoticia.com.br\/noticia\/wp-json\/wp\/v2\/tags?post=5708"}],"curies":[{"name":"wp","href":"https:\/\/api.w.org\/{rel}","templated":true}]}}