{"id":57113,"date":"2014-07-13T16:46:07","date_gmt":"2014-07-13T19:46:07","guid":{"rendered":"http:\/\/www.redenoticia.com.br\/noticia\/?p=57113"},"modified":"2014-07-13T16:46:07","modified_gmt":"2014-07-13T19:46:07","slug":"novela-em-familia-casamento-de-clara-e-marina-emociona-convidados","status":"publish","type":"post","link":"https:\/\/migracao.redenoticia.com.br\/noticia\/2014\/novela-em-familia-casamento-de-clara-e-marina-emociona-convidados\/57113","title":{"rendered":"Novela &#8220;Em Fam\u00edlia&#8221;: casamento de Clara e Marina emociona convidados"},"content":{"rendered":"<p><a href=\"https:\/\/migracao.redenoticia.com.br\/noticia\/imagens\/novela-em-familia.jpg\"><img loading=\"lazy\" decoding=\"async\" class=\"alignleft size-medium wp-image-51847\" src=\"https:\/\/migracao.redenoticia.com.br\/noticia\/imagens\/novela-em-familia-187x187.jpg\" alt=\"novela-em-familia\" width=\"187\" height=\"187\" srcset=\"https:\/\/migracao.redenoticia.com.br\/noticia\/imagens\/novela-em-familia-187x187.jpg 187w, https:\/\/migracao.redenoticia.com.br\/noticia\/imagens\/novela-em-familia.jpg 300w, https:\/\/migracao.redenoticia.com.br\/noticia\/imagens\/novela-em-familia-150x150.jpg 150w, https:\/\/migracao.redenoticia.com.br\/noticia\/imagens\/novela-em-familia-110x110.jpg 110w, https:\/\/migracao.redenoticia.com.br\/noticia\/imagens\/novela-em-familia-50x50.jpg 50w\" sizes=\"auto, (max-width: 187px) 100vw, 187px\" \/><\/a><strong><em>Novela &#8220;Em Fam\u00edlia&#8221;:<\/em><\/strong> Clara (Giovanna Antonelli) se veste no apartamento de Chica (Nat\u00e1lia do Vale) com ajuda de Juliana (Vanessa Gerbelli) e Helena (Julia Lemmertz). Guiomar (Jessika Alves) e Rosa (T\u00e2nia Toko) colocam seus nomes na barra do vestido. Juliana prop\u00f5e um brinde. Chica d\u00e1 um abra\u00e7o emocionado na filha e diz que a admira pela coragem. Enquanto isso, Marina (Tain\u00e1 M\u00fcller) se prepara no est\u00fadio, ao lado de Vanessa (Maria Eduarda) e Flavinha (Luisa Moraes). Marina pede para Vanessa n\u00e3o estragar a cerim\u00f4nia. Diogo (Jos\u00e9 Rubens Chach\u00e1) chega e elogia a beleza da filha. Ivan (Vitor Figueiredo) se arruma no apartamento de Ver\u00f4nica (Helena Ranaldi) e ouve elogios da pianista. Todos seguem para o galp\u00e3o e Clara e Marina selam o compromisso. T\u00e2nia Mara aparece para homenage\u00e1-las e elas se beijam. Na pista de dan\u00e7a, Jairo (Marcello Melo Jr.) e Nando (Leonardo Medeiros) chamam Juliana, mas ela dan\u00e7a com Diogo. No final da festa, as noivas jogam os buqu\u00eas e eles caem nas m\u00e3os de Ver\u00f4nica e S\u00edlvia (Bianca Rinaldi). Clara pisca para Cadu e Felipe (Thiago Mendon\u00e7a). Para encerrar a cerim\u00f4nia com emo\u00e7\u00e3o, Ivan d\u00e1 um cora\u00e7\u00e3o que fez com a ajuda de Virg\u00edlio para \u00e0 m\u00e3e.<\/p>\n<p> Fonte Rede Globo \u2013 nos pr\u00f3ximos cap\u00edtulos da novela \u201cEm Fam\u00edlia\u201d Ver\u00f4nica elogia o empenho de Ivan ao piano. Selma acha que Laerte pode estar desenvolvendo a mesma doen\u00e7a que ela tem. Neidinha diz a Theo que est\u00e1 feliz por Alice ter conhecido Vitor. Luiza pensa em seu casamento com Laerte e se lembra dos conselhos de Virg\u00edlio e Helena.<\/p>\n<p>Luiza fica chateada por Laerte v\u00ea-la com o vestido de noiva e os dois acabam em uma discuss\u00e3o na frente da costureira. Chica vai esperar Ricardo no aeroporto e se incomoda ao ver Branca descendo do mesmo avi\u00e3o com Gabriel. Luiza decide morar com Helena\u00a0e Virg\u00edlio\u00a0at\u00e9 seu casamento, deixando Laerte irritado. Clara diz a Silvia que est\u00e1 feliz por v\u00ea-la namorando Felipe. Juliana conta para Jairo que Nando pode ser o pai de Bia e pede que os dois fa\u00e7am o exame de DNA. Neidinha e Theo, Alice e Vitor se casam em uma cerim\u00f4nia \u00fanica na casa de repouso. O exame de DNA revela que Nando \u00e9 o pai biol\u00f3gico de Bia. Juliana consola Jairo, que fica arrasado. <\/p>\n<p>Marina e Clara convidam Cadu e Ver\u00f4nica para serem padrinhos do casamento. Felipe conta para Chica que pensa em se mudar para Goi\u00e2nia com Silvia. Rafaela descobre que est\u00e1 gr\u00e1vida de g\u00eameos. Luiza e Laerte brigam. Branca mostra o contrato de sociedade para Gabriel, que fica desconfiado. Luiza corre para a casa dos pais e Laerte vai atr\u00e1s, invadindo o apartamento. Laerte acusa Helena de querer feri-lo e vai embora com Luiza. Clara e Marina se casam diante dos amigos e da fam\u00edlia no Galp\u00e3o Cultural. Luiza e Laerte se hospedam no haras de Shirley. Gisele comunica aos pais que vai para Paris com Murilo. Gabriel se irrita ao ver Silvia e Felipe juntos. Diogo, pai de Marina,e Juliana dan\u00e7am na festa. Silvia e Ver\u00f4nica pegam os buqu\u00eas de Clara e Marina. Luiza entra no lago do haras e fica com o p\u00e9 preso no fundo.<\/p>\n","protected":false},"excerpt":{"rendered":"<p>Novela &#8220;Em Fam\u00edlia&#8221;: Clara (Giovanna Antonelli) se veste no apartamento de Chica (Nat\u00e1lia do Vale) com ajuda de Juliana (Vanessa Gerbelli) e Helena (Julia Lemmertz). Guiomar (Jessika Alves) e Rosa (T\u00e2nia Toko) colocam seus nomes na barra do vestido. Juliana prop\u00f5e um brinde. Chica d\u00e1 um abra\u00e7o emocionado na filha e diz que a admira [&hellip;]<\/p>\n","protected":false},"author":2,"featured_media":51847,"comment_status":"open","ping_status":"closed","sticky":false,"template":"","format":"standard","meta":{"tdm_status":"","tdm_grid_status":"","footnotes":""},"categories":[379,375,343],"tags":[],"class_list":{"0":"post-57113","1":"post","2":"type-post","3":"status-publish","4":"format-standard","5":"has-post-thumbnail","7":"category-novelas","8":"category-rede-globo","9":"category-televisao"},"_links":{"self":[{"href":"https:\/\/migracao.redenoticia.com.br\/noticia\/wp-json\/wp\/v2\/posts\/57113","targetHints":{"allow":["GET"]}}],"collection":[{"href":"https:\/\/migracao.redenoticia.com.br\/noticia\/wp-json\/wp\/v2\/posts"}],"about":[{"href":"https:\/\/migracao.redenoticia.com.br\/noticia\/wp-json\/wp\/v2\/types\/post"}],"author":[{"embeddable":true,"href":"https:\/\/migracao.redenoticia.com.br\/noticia\/wp-json\/wp\/v2\/users\/2"}],"replies":[{"embeddable":true,"href":"https:\/\/migracao.redenoticia.com.br\/noticia\/wp-json\/wp\/v2\/comments?post=57113"}],"version-history":[{"count":0,"href":"https:\/\/migracao.redenoticia.com.br\/noticia\/wp-json\/wp\/v2\/posts\/57113\/revisions"}],"wp:featuredmedia":[{"embeddable":true,"href":"https:\/\/migracao.redenoticia.com.br\/noticia\/wp-json\/wp\/v2\/media\/51847"}],"wp:attachment":[{"href":"https:\/\/migracao.redenoticia.com.br\/noticia\/wp-json\/wp\/v2\/media?parent=57113"}],"wp:term":[{"taxonomy":"category","embeddable":true,"href":"https:\/\/migracao.redenoticia.com.br\/noticia\/wp-json\/wp\/v2\/categories?post=57113"},{"taxonomy":"post_tag","embeddable":true,"href":"https:\/\/migracao.redenoticia.com.br\/noticia\/wp-json\/wp\/v2\/tags?post=57113"}],"curies":[{"name":"wp","href":"https:\/\/api.w.org\/{rel}","templated":true}]}}