{"id":57263,"date":"2014-07-16T17:41:50","date_gmt":"2014-07-16T20:41:50","guid":{"rendered":"http:\/\/www.redenoticia.com.br\/noticia\/?p=57263"},"modified":"2014-07-16T17:42:19","modified_gmt":"2014-07-16T20:42:19","slug":"internet-e-a-principal-fonte-de-entretenimento-para-43-dos-jovens","status":"publish","type":"post","link":"https:\/\/migracao.redenoticia.com.br\/noticia\/2014\/internet-e-a-principal-fonte-de-entretenimento-para-43-dos-jovens\/57263","title":{"rendered":"Internet \u00e9 a principal fonte de entretenimento para 43% dos jovens"},"content":{"rendered":"<p>A diretora da \u00e1rea de Learning &#038; Insights do IBOPE Media, Juliana Sawaia, apresentar\u00e1 no <strong><em>youPIX SP<\/em><\/strong> Festival 2014 os resultados da segunda edi\u00e7\u00e3o da pesquisa sobre o jovem digital brasileiro. Em um cen\u00e1rio em que o jovem \u00e9 a personifica\u00e7\u00e3o das mudan\u00e7as observadas no consumo de m\u00eddia atualmente, a pesquisa do IBOPE Media revela que 85% deste p\u00fablico \u00e9 internauta e que destes, 93% navegam nas redes sociais e 66% veem ou baixam v\u00eddeos pela internet. Esta plataforma \u00e9 considerada ainda a principal fonte de entretenimento para 43% deste p\u00fablico, contra 32% do total da popula\u00e7\u00e3o aferida.<\/p>\n<p>Com o crescimento da internet e o surgimento de novas plataformas, a forma de consumir conte\u00fado se transformou e um novo cen\u00e1rio midi\u00e1tico est\u00e1 se consolidando. O jovem assume o grande papel de protagonista neste contexto, com uma rotina adaptada para facilmente incorporar n\u00e3o apenas as mudan\u00e7as tecnol\u00f3gicas, como as culturais.<\/p>\n<p>Al\u00e9m de multimeios, uma vez que 61% deles est\u00e3o habituados a usar mais de um meio de comunica\u00e7\u00e3o ao mesmo tempo, eles tamb\u00e9m podem ser considerados multitelas. Atualmente, 17% dos jovens que vivem nas principais capitais e regi\u00f5es metropolitanas brasileiras t\u00eam ao menos um tablet em casa e, entre os que possuem telefone celular, 47% t\u00eam smartphone. A simultaneidade e a converg\u00eancia est\u00e3o praticamente no DNA: os meios s\u00e3o consumidos pela internet com tal naturalidade, que muitas vezes fazem at\u00e9 os v\u00eddeos online se tornam uma nova forma de escrita da web.<\/p>\n<p>A pesquisa \u00e9 resultado do projeto youPIX Tank, fruto da parceria entre o IBOPE Media, Conecta &#8211; unidade de neg\u00f3cios on-line do IBOPE Intelig\u00eancia, e youPix, plataforma que discute as principais tend\u00eancias da internet.<\/p>\n<p>Confira a programa\u00e7\u00e3o:<br \/>\nyouPIX SP Festival 2014<br \/>\nData: 17 (empresas e parceiros), 18 e 19 de julho (p\u00fablico em geral)<br \/>\nLocal: Funda\u00e7\u00e3o Bienal de S\u00e3o Paulo &#8211; Avenida Pedro \u00c1lvares Cabral, Port\u00e3o 3 \u2013 Ibirapuera<br \/>\nEntrada gratuita<\/p>\n<p>Sobre o IBOPE Media<br \/>\nMaior empresa de pesquisa de m\u00eddia na Am\u00e9rica Latina, o IBOPE Media oferece solu\u00e7\u00f5es em audi\u00eancia, investimento publicit\u00e1rio e planejamento de campanhas. H\u00e1 72 anos, a empresa disponibiliza informa\u00e7\u00f5es fundamentais para a tomada de decis\u00e3o nos neg\u00f3cios de m\u00eddia e se renova constantemente para retratar a evolu\u00e7\u00e3o do consumo dos meios, em diferentes plataformas.<\/p>\n<p>O IBOPE Media emprega aproximadamente 3.500 colaboradores e possui opera\u00e7\u00f5es em 16 pa\u00edses na Am\u00e9rica Latina e um escrit\u00f3rio em Miami (EUA). Acesse  para mais informa\u00e7\u00f5es.<\/p>\n","protected":false},"excerpt":{"rendered":"<p>A diretora da \u00e1rea de Learning &#038; Insights do IBOPE Media, Juliana Sawaia, apresentar\u00e1 no youPIX SP Festival 2014 os resultados da segunda edi\u00e7\u00e3o da pesquisa sobre o jovem digital brasileiro. Em um cen\u00e1rio em que o jovem \u00e9 a personifica\u00e7\u00e3o das mudan\u00e7as observadas no consumo de m\u00eddia atualmente, a pesquisa do IBOPE Media revela [&hellip;]<\/p>\n","protected":false},"author":2,"featured_media":37419,"comment_status":"open","ping_status":"closed","sticky":false,"template":"","format":"standard","meta":{"tdm_status":"","tdm_grid_status":"","footnotes":""},"categories":[22,7],"tags":[],"class_list":{"0":"post-57263","1":"post","2":"type-post","3":"status-publish","4":"format-standard","5":"has-post-thumbnail","7":"category-brasil","8":"category-economia"},"_links":{"self":[{"href":"https:\/\/migracao.redenoticia.com.br\/noticia\/wp-json\/wp\/v2\/posts\/57263","targetHints":{"allow":["GET"]}}],"collection":[{"href":"https:\/\/migracao.redenoticia.com.br\/noticia\/wp-json\/wp\/v2\/posts"}],"about":[{"href":"https:\/\/migracao.redenoticia.com.br\/noticia\/wp-json\/wp\/v2\/types\/post"}],"author":[{"embeddable":true,"href":"https:\/\/migracao.redenoticia.com.br\/noticia\/wp-json\/wp\/v2\/users\/2"}],"replies":[{"embeddable":true,"href":"https:\/\/migracao.redenoticia.com.br\/noticia\/wp-json\/wp\/v2\/comments?post=57263"}],"version-history":[{"count":0,"href":"https:\/\/migracao.redenoticia.com.br\/noticia\/wp-json\/wp\/v2\/posts\/57263\/revisions"}],"wp:featuredmedia":[{"embeddable":true,"href":"https:\/\/migracao.redenoticia.com.br\/noticia\/wp-json\/wp\/v2\/media\/37419"}],"wp:attachment":[{"href":"https:\/\/migracao.redenoticia.com.br\/noticia\/wp-json\/wp\/v2\/media?parent=57263"}],"wp:term":[{"taxonomy":"category","embeddable":true,"href":"https:\/\/migracao.redenoticia.com.br\/noticia\/wp-json\/wp\/v2\/categories?post=57263"},{"taxonomy":"post_tag","embeddable":true,"href":"https:\/\/migracao.redenoticia.com.br\/noticia\/wp-json\/wp\/v2\/tags?post=57263"}],"curies":[{"name":"wp","href":"https:\/\/api.w.org\/{rel}","templated":true}]}}