{"id":57276,"date":"2014-07-16T19:10:10","date_gmt":"2014-07-16T22:10:10","guid":{"rendered":"http:\/\/www.redenoticia.com.br\/noticia\/?p=57276"},"modified":"2014-07-16T19:10:10","modified_gmt":"2014-07-16T22:10:10","slug":"novela-em-familia-laerte-e-homenageado-em-paris","status":"publish","type":"post","link":"https:\/\/migracao.redenoticia.com.br\/noticia\/2014\/novela-em-familia-laerte-e-homenageado-em-paris\/57276","title":{"rendered":"Novela \u201cEm Fam\u00edlia\u201d: Laerte \u00e9 homenageado em Paris"},"content":{"rendered":"<p><a href=\"https:\/\/migracao.redenoticia.com.br\/noticia\/imagens\/novela-em-familia.jpg\"><img loading=\"lazy\" decoding=\"async\" class=\"alignleft size-medium wp-image-51847\" src=\"https:\/\/migracao.redenoticia.com.br\/noticia\/imagens\/novela-em-familia-187x187.jpg\" alt=\"novela-em-familia\" width=\"187\" height=\"187\" srcset=\"https:\/\/migracao.redenoticia.com.br\/noticia\/imagens\/novela-em-familia-187x187.jpg 187w, https:\/\/migracao.redenoticia.com.br\/noticia\/imagens\/novela-em-familia.jpg 300w, https:\/\/migracao.redenoticia.com.br\/noticia\/imagens\/novela-em-familia-150x150.jpg 150w, https:\/\/migracao.redenoticia.com.br\/noticia\/imagens\/novela-em-familia-110x110.jpg 110w, https:\/\/migracao.redenoticia.com.br\/noticia\/imagens\/novela-em-familia-50x50.jpg 50w\" sizes=\"auto, (max-width: 187px) 100vw, 187px\" \/><\/a><strong><em>Novela \u201cEm Fam\u00edlia\u201d:<\/em><\/strong> Luiza (Bruna Marquezine), Virg\u00edlio (Humberto Martins) e Helena (Julia Lemmertz) embarcam para Paris e comparecem em um recital de Leto (Ronny Kriwat) e Ver\u00f4nica (Helena Ranaldi). Eles encontram Cadu (Reynaldo Gianecchini) e Shirley (Vivianne Pasmanter) no evento. Luiza estranha a coincid\u00eancia e Shirley explica que ela mandou os convites com os lugares marcados. A milion\u00e1ria faz todos rirem. As luzes se apagam. Leto e Ver\u00f4nica entram no palco e tocam uma m\u00fasica composta por Laerte.<\/p>\n<p>Fonte Rede Globo \u2013 nos pr\u00f3ximos cap\u00edtulos da novela \u201cEm Fam\u00edlia\u201d o exame de DNA revela que Nando \u00e9 o pai biol\u00f3gico de Bia. Juliana consola Jairo, que fica arrasado. Marina e Clara convidam Cadu e Ver\u00f4nica para serem padrinhos do casamento.<\/p>\n<p>Felipe conta para Chica que pensa em se mudar para Goi\u00e2nia com Silvia. Rafaela descobre que est\u00e1 gr\u00e1vida de g\u00eameos. Luiza e Laerte brigam. Branca mostra o contrato de sociedade para Gabriel, que fica desconfiado. Luiza corre para a casa dos pais e Laerte vai atr\u00e1s, invadindo o apartamento. Laerte acusa Helena de querer feri-lo e vai embora com Luiza.<\/p>\n<p>Clara e Marina se casam diante dos amigos e da fam\u00edlia no Galp\u00e3o Cultural. Luiza e Laerte se hospedam no haras de Shirley. Gisele comunica aos pais que vai para Paris com Murilo. Gabriel se irrita ao ver Silvia e Felipe juntos. Diogo, pai de Marina,e Juliana dan\u00e7am na festa. Silvia e Ver\u00f4nica pegam os buqu\u00eas de Clara e Marina. Luiza entra no lago do haras e fica com o p\u00e9 preso no fundo.<\/p>\n","protected":false},"excerpt":{"rendered":"<p>Novela \u201cEm Fam\u00edlia\u201d: Luiza (Bruna Marquezine), Virg\u00edlio (Humberto Martins) e Helena (Julia Lemmertz) embarcam para Paris e comparecem em um recital de Leto (Ronny Kriwat) e Ver\u00f4nica (Helena Ranaldi). Eles encontram Cadu (Reynaldo Gianecchini) e Shirley (Vivianne Pasmanter) no evento. Luiza estranha a coincid\u00eancia e Shirley explica que ela mandou os convites com os lugares [&hellip;]<\/p>\n","protected":false},"author":2,"featured_media":51847,"comment_status":"open","ping_status":"closed","sticky":false,"template":"","format":"standard","meta":{"tdm_status":"","tdm_grid_status":"","footnotes":""},"categories":[379,375,343],"tags":[],"class_list":{"0":"post-57276","1":"post","2":"type-post","3":"status-publish","4":"format-standard","5":"has-post-thumbnail","7":"category-novelas","8":"category-rede-globo","9":"category-televisao"},"_links":{"self":[{"href":"https:\/\/migracao.redenoticia.com.br\/noticia\/wp-json\/wp\/v2\/posts\/57276","targetHints":{"allow":["GET"]}}],"collection":[{"href":"https:\/\/migracao.redenoticia.com.br\/noticia\/wp-json\/wp\/v2\/posts"}],"about":[{"href":"https:\/\/migracao.redenoticia.com.br\/noticia\/wp-json\/wp\/v2\/types\/post"}],"author":[{"embeddable":true,"href":"https:\/\/migracao.redenoticia.com.br\/noticia\/wp-json\/wp\/v2\/users\/2"}],"replies":[{"embeddable":true,"href":"https:\/\/migracao.redenoticia.com.br\/noticia\/wp-json\/wp\/v2\/comments?post=57276"}],"version-history":[{"count":0,"href":"https:\/\/migracao.redenoticia.com.br\/noticia\/wp-json\/wp\/v2\/posts\/57276\/revisions"}],"wp:featuredmedia":[{"embeddable":true,"href":"https:\/\/migracao.redenoticia.com.br\/noticia\/wp-json\/wp\/v2\/media\/51847"}],"wp:attachment":[{"href":"https:\/\/migracao.redenoticia.com.br\/noticia\/wp-json\/wp\/v2\/media?parent=57276"}],"wp:term":[{"taxonomy":"category","embeddable":true,"href":"https:\/\/migracao.redenoticia.com.br\/noticia\/wp-json\/wp\/v2\/categories?post=57276"},{"taxonomy":"post_tag","embeddable":true,"href":"https:\/\/migracao.redenoticia.com.br\/noticia\/wp-json\/wp\/v2\/tags?post=57276"}],"curies":[{"name":"wp","href":"https:\/\/api.w.org\/{rel}","templated":true}]}}