{"id":5734,"date":"2009-07-18T14:01:55","date_gmt":"2009-07-18T18:01:55","guid":{"rendered":"http:\/\/www.redenoticia.com.br\/noticia\/?p=5734"},"modified":"2009-08-05T00:33:21","modified_gmt":"2009-08-05T04:33:21","slug":"record-divulga-que-dado-dolabella-esta-com-medo-de-sair-da-fazenda","status":"publish","type":"post","link":"https:\/\/migracao.redenoticia.com.br\/noticia\/2009\/record-divulga-que-dado-dolabella-esta-com-medo-de-sair-da-fazenda\/5734","title":{"rendered":"Record divulga que Dado Dolabella est\u00e1 com medo de sair da Fazenda"},"content":{"rendered":"<p style=\"margin: 0cm 2.85pt 0.0001pt; line-height: normal;\"><span style=\"font-size: 11pt; font-family: Arial;\">Depois de serem convocados pelo caseiro Cl\u00e9bis a plantar rabanetes, Dado Dolabella e Fabi passaram a manh\u00e3 cuidando da horta da fazenda da Record. A dupla mostrou entrosamento e realizou a tarefa com harmonia. <\/span><\/p>\n<p style=\"margin: 0cm 2.85pt 0.0001pt; line-height: normal;\"><span style=\"font-size: 11pt; font-family: Arial;\">No fim dos trabalhos, <\/span><span style=\"font-size: 11pt; font-family: Arial;\">Dado Dolabella <\/span><span style=\"font-size: 11pt; font-family: Arial;\">se despediu de Cl\u00e9bis, j\u00e1 que n\u00e3o sabe se vai pegar o caminho da cidade no domingo. &#8220;Se amanh\u00e3 eu n\u00e3o te v\u00ea, e for embora no domingo, feliz dia do amigo na segunda-feira&#8221;. <\/span><\/p>\n<p style=\"margin: 0cm 2.85pt 0.0001pt; line-height: normal;\"><span style=\"font-size: 11pt; font-family: Arial;\">Depois, completou: &#8220;E aquela parada que eu te falei, quero ver, heim, quando tiver uma folguinha&#8230; de passar umas f\u00e9rias l\u00e1 no Rio de Janeiro&#8221;. O caseiro se mostrou surpreso, mas como sempre foi discreto e sucinto: &#8220;T\u00e1 ok, obrigado&#8221;.<\/span><\/p>\n<p style=\"margin: 0cm 2.85pt 0.0001pt; line-height: normal;\"><span style=\"font-size: 11pt; font-family: Arial;\">Dado, que est\u00e1 no T\u00e1 na Ro\u00e7a ao lado de Mirella e Jonathan, cantou &#8216;Capim Guin\u00e9&#8217;, sucesso do roqueiro Raul Seixas. O c\u00e3ozinho Max ficou sempre perto de seu companheiro e tomou at\u00e9 bronca por pisar nas verduras. <\/span><\/p>\n<p style=\"margin: 0cm 2.85pt 0.0001pt; line-height: normal;\"><span style=\"font-size: 11pt; font-family: Arial;\"> <\/span><\/p>\n<p style=\"margin: 0cm 2.85pt 0.0001pt; line-height: normal;\"><span style=\"font-size: 11pt; font-family: Arial;\">Em uma vota\u00e7\u00e3o surpreendente, o &#8220;T\u00e1 na Ro\u00e7a&#8221; desta semana foi definido: Mirella Santos, Jonathan Haagensen ou Dado Dolabella? Quem deixar\u00e1 o reality show mais comentado do Brasil e colocar\u00e1 o p\u00e9 na estrada, de volta para a cidade? \u00c9 voc\u00ea quem escolhe:<\/span><\/p>\n<p style=\"margin: 0cm 2.85pt 0.0001pt; line-height: normal;\"><span style=\"font-size: 11pt; font-family: Arial;\">Para votar na Mirella, envie uma mensagem de texto para 77011 com o n\u00famero 1 ou ligue para 0303 10 80 100.<\/span><\/p>\n<p style=\"margin: 0cm 2.85pt 0.0001pt; line-height: normal;\"><span style=\"font-size: 11pt; font-family: Arial;\">Para mandar Jonathan para casa, envie uma mensagem de texto para 77011 com o n\u00famero 2 ou ligue para 0303 10 80 200.<\/span><\/p>\n<p style=\"margin: 0cm 2.85pt 0.0001pt; line-height: normal;\"><span style=\"font-size: 11pt; font-family: Arial;\">Para eliminar Dado, envie uma mensagem de texto para 77011 com o n\u00famero 3 ou ligue para 0303 10 80 300.<\/span><\/p>\n<p style=\"margin: 0cm 2.85pt 0.0001pt; line-height: normal;\"><span style=\"font-size: 11pt; font-family: Arial;\">PORTEIRA DE VOZ<\/span><\/p>\n<p style=\"margin: 0cm 2.85pt 0.0001pt; line-height: normal;\"><span style=\"font-size: 11pt; font-family: Arial;\">Abrimos a Porteira de Voz para vota\u00e7\u00e3o! Ligue para 014 6184010822 e decida qual famoso voltar\u00e1 para casa mais cedo.<\/span><\/p>\n<p style=\"margin: 0cm 2.85pt 0.0001pt; line-height: normal;\"><span style=\"font-size: 11pt; font-family: Arial;\">INTERNET <\/span><\/p>\n<p style=\"margin: 0cm 2.85pt 0.0001pt; line-height: normal;\"><span style=\"font-size: 11pt; font-family: Arial;\">Tamb\u00e9m d\u00e1 pra votar no site oficial do programa: www.rederecord.com.br\/afazenda<\/span><\/p>\n<p style=\"margin: 0cm 2.85pt 0.0001pt; line-height: normal;\"><strong><span style=\"font-size: 11pt; font-family: Arial;\"> <\/span><\/strong><\/p>\n<p style=\"margin: 0cm 2.85pt 0.0001pt; line-height: normal;\"><strong><span style=\"font-size: 11pt; font-family: Arial;\"> <\/span><\/strong><\/p>\n<p style=\"margin: 0cm 2.85pt 0.0001pt; line-height: normal;\"><strong><span style=\"font-size: 11pt; font-family: Arial;\">Carol Baggio<\/span><\/strong><\/p>\n<p><span style=\"font-size: 11pt; font-family: Arial;\">TV Record <\/span><\/p>\n","protected":false},"excerpt":{"rendered":"<p>Depois de serem convocados pelo caseiro Cl\u00e9bis a plantar rabanetes, Dado Dolabella e Fabi passaram a manh\u00e3 cuidando da horta da fazenda da Record. A dupla mostrou entrosamento e realizou a tarefa com harmonia. No fim dos trabalhos, Dado Dolabella se despediu de Cl\u00e9bis, j\u00e1 que n\u00e3o sabe se vai pegar o caminho da cidade [&hellip;]<\/p>\n","protected":false},"author":3,"featured_media":0,"comment_status":"open","ping_status":"open","sticky":false,"template":"","format":"standard","meta":{"tdm_status":"","tdm_grid_status":"","footnotes":""},"categories":[22,343],"tags":[],"class_list":{"0":"post-5734","1":"post","2":"type-post","3":"status-publish","4":"format-standard","6":"category-brasil","7":"category-televisao"},"_links":{"self":[{"href":"https:\/\/migracao.redenoticia.com.br\/noticia\/wp-json\/wp\/v2\/posts\/5734","targetHints":{"allow":["GET"]}}],"collection":[{"href":"https:\/\/migracao.redenoticia.com.br\/noticia\/wp-json\/wp\/v2\/posts"}],"about":[{"href":"https:\/\/migracao.redenoticia.com.br\/noticia\/wp-json\/wp\/v2\/types\/post"}],"author":[{"embeddable":true,"href":"https:\/\/migracao.redenoticia.com.br\/noticia\/wp-json\/wp\/v2\/users\/3"}],"replies":[{"embeddable":true,"href":"https:\/\/migracao.redenoticia.com.br\/noticia\/wp-json\/wp\/v2\/comments?post=5734"}],"version-history":[{"count":0,"href":"https:\/\/migracao.redenoticia.com.br\/noticia\/wp-json\/wp\/v2\/posts\/5734\/revisions"}],"wp:attachment":[{"href":"https:\/\/migracao.redenoticia.com.br\/noticia\/wp-json\/wp\/v2\/media?parent=5734"}],"wp:term":[{"taxonomy":"category","embeddable":true,"href":"https:\/\/migracao.redenoticia.com.br\/noticia\/wp-json\/wp\/v2\/categories?post=5734"},{"taxonomy":"post_tag","embeddable":true,"href":"https:\/\/migracao.redenoticia.com.br\/noticia\/wp-json\/wp\/v2\/tags?post=5734"}],"curies":[{"name":"wp","href":"https:\/\/api.w.org\/{rel}","templated":true}]}}