{"id":5736,"date":"2009-07-18T14:09:44","date_gmt":"2009-07-18T18:09:44","guid":{"rendered":"http:\/\/www.redenoticia.com.br\/noticia\/?p=5736"},"modified":"2009-07-18T14:09:44","modified_gmt":"2009-07-18T18:09:44","slug":"camara-de-ji-parana-inaugura-site","status":"publish","type":"post","link":"https:\/\/migracao.redenoticia.com.br\/noticia\/2009\/camara-de-ji-parana-inaugura-site\/5736","title":{"rendered":"C\u00e2mara de Ji-Paran\u00e1 inaugura site"},"content":{"rendered":"<p>A C\u00e2mara de Vereadores de Ji-Paran\u00e1 disponibilizou diversas informa\u00e7\u00f5es sobre a institui\u00e7\u00e3o e os trabalhos realizados pelos vereadores atrav\u00e9s do novo site<a href=\"http:\/\/www.camaraji-parana.com.br\/\" target=\"_blank\"> http:\/\/www.camaraji-parana.com.br<\/a>. Com layout novo e f\u00e1cil navega\u00e7\u00e3o agora \u00e9 poss\u00edvel saber mais sobre as leis da cidade atrav\u00e9s de um clique.<\/p>\n<p>Entre as novidades destaca-se as not\u00edcias sobre os vereadores, os trabalhos e os v\u00eddeos de 2 minutos produzidos sobre cada sess\u00e3o, ordin\u00e1ria e extraordin\u00e1ria, que s\u00e3o veiculados nas emissoras de r\u00e1dio e tv locais. Estes v\u00eddeos apresentam o resumo das indica\u00e7\u00f5es feitas pelos vereadores na tribuna e de todos os projetos de lei votados durante a sess\u00e3o.<\/p>\n<p>Com o site o eleitor de Ji-Paran\u00e1 pode acompanhar a atua\u00e7\u00e3o de seus representantes nesta legislatura, saber sobre as leis que foram aprovadas e tamb\u00e9m os projetos arquivados. A C\u00e2mara est\u00e1 em recesso e o retorno das sess\u00f5es ser\u00e1 no dia 4 de Agosto \u00e0s 9h00.<\/p>\n","protected":false},"excerpt":{"rendered":"<p>A C\u00e2mara de Vereadores de Ji-Paran\u00e1 disponibilizou diversas informa\u00e7\u00f5es sobre a institui\u00e7\u00e3o e os trabalhos realizados pelos vereadores atrav\u00e9s do novo site http:\/\/www.camaraji-parana.com.br. Com layout novo e f\u00e1cil navega\u00e7\u00e3o agora \u00e9 poss\u00edvel saber mais sobre as leis da cidade atrav\u00e9s de um clique. Entre as novidades destaca-se as not\u00edcias sobre os vereadores, os trabalhos e [&hellip;]<\/p>\n","protected":false},"author":3,"featured_media":0,"comment_status":"open","ping_status":"open","sticky":false,"template":"","format":"standard","meta":{"tdm_status":"","tdm_grid_status":"","footnotes":""},"categories":[22],"tags":[],"class_list":{"0":"post-5736","1":"post","2":"type-post","3":"status-publish","4":"format-standard","6":"category-brasil"},"_links":{"self":[{"href":"https:\/\/migracao.redenoticia.com.br\/noticia\/wp-json\/wp\/v2\/posts\/5736","targetHints":{"allow":["GET"]}}],"collection":[{"href":"https:\/\/migracao.redenoticia.com.br\/noticia\/wp-json\/wp\/v2\/posts"}],"about":[{"href":"https:\/\/migracao.redenoticia.com.br\/noticia\/wp-json\/wp\/v2\/types\/post"}],"author":[{"embeddable":true,"href":"https:\/\/migracao.redenoticia.com.br\/noticia\/wp-json\/wp\/v2\/users\/3"}],"replies":[{"embeddable":true,"href":"https:\/\/migracao.redenoticia.com.br\/noticia\/wp-json\/wp\/v2\/comments?post=5736"}],"version-history":[{"count":0,"href":"https:\/\/migracao.redenoticia.com.br\/noticia\/wp-json\/wp\/v2\/posts\/5736\/revisions"}],"wp:attachment":[{"href":"https:\/\/migracao.redenoticia.com.br\/noticia\/wp-json\/wp\/v2\/media?parent=5736"}],"wp:term":[{"taxonomy":"category","embeddable":true,"href":"https:\/\/migracao.redenoticia.com.br\/noticia\/wp-json\/wp\/v2\/categories?post=5736"},{"taxonomy":"post_tag","embeddable":true,"href":"https:\/\/migracao.redenoticia.com.br\/noticia\/wp-json\/wp\/v2\/tags?post=5736"}],"curies":[{"name":"wp","href":"https:\/\/api.w.org\/{rel}","templated":true}]}}