{"id":5738,"date":"2009-07-18T14:11:24","date_gmt":"2009-07-18T18:11:24","guid":{"rendered":"http:\/\/www.redenoticia.com.br\/noticia\/?p=5738"},"modified":"2009-07-19T20:45:33","modified_gmt":"2009-07-20T00:45:33","slug":"centro-universitario-de-ji-parana-inicia-a-campanha-%e2%80%9cviva-essa-nova-etapa%e2%80%9d","status":"publish","type":"post","link":"https:\/\/migracao.redenoticia.com.br\/noticia\/2009\/centro-universitario-de-ji-parana-inicia-a-campanha-%e2%80%9cviva-essa-nova-etapa%e2%80%9d\/5738","title":{"rendered":"Centro universit\u00e1rio de Ji-Paran\u00e1 inicia a campanha \u201cViva essa nova etapa\u201d"},"content":{"rendered":"<p>O Centro Universit\u00e1rio Luterano de Ji-Paran\u00e1 CEULJI\/ ULBRA inicia no pr\u00f3ximo dia 27 de julho seu per\u00edodo letivo 2009\/2 com a campanha \u2018Viva essa nova etapa\u2019. Com 22 anos de Rond\u00f4nia, a Institui\u00e7\u00e3o oferece 19 cursos \u00e0 popula\u00e7\u00e3o do munic\u00edpio de Ji-Paran\u00e1 e regi\u00e3o.<\/p>\n<p>Para o semestre 2009\/2, a Institui\u00e7\u00e3o adotou o lema: \u2018Viva essa nova etapa\u2019, em virtude do novo momento vivido pela ULBRA em todo pa\u00eds. \u201cEstamos passando por um processo de reestrutura\u00e7\u00e3o, visto que \u00e9 o in\u00edcio de uma nova fase da nova ULBRA\u201d, destacou o Diretor Geral do CEULJI\/ULBRA, professor Erivaldo Diniz de Brito.<\/p>\n<p>No per\u00edodo letivo 2009\/2, o CEULJI\/ ULBRA\u00a0 providenciar\u00e1 a reestrutura\u00e7\u00e3o dos laborat\u00f3rios, novos livros para a Biblioteca, in\u00edcio de trabalho com animais de grande porte no Hospital Veterin\u00e1rio, moderniza\u00e7\u00e3o dos layouts, sinaliza\u00e7\u00f5es dos pr\u00e9dios e outros benef\u00edcios, objetivando melhor aprendizado e conforto dos acad\u00eamicos.<br \/>\nEscrito por Alexandre Almeida<\/p>\n","protected":false},"excerpt":{"rendered":"<p>O Centro Universit\u00e1rio Luterano de Ji-Paran\u00e1 CEULJI\/ ULBRA inicia no pr\u00f3ximo dia 27 de julho seu per\u00edodo letivo 2009\/2 com a campanha \u2018Viva essa nova etapa\u2019. Com 22 anos de Rond\u00f4nia, a Institui\u00e7\u00e3o oferece 19 cursos \u00e0 popula\u00e7\u00e3o do munic\u00edpio de Ji-Paran\u00e1 e regi\u00e3o. Para o semestre 2009\/2, a Institui\u00e7\u00e3o adotou o lema: \u2018Viva essa [&hellip;]<\/p>\n","protected":false},"author":3,"featured_media":0,"comment_status":"open","ping_status":"open","sticky":false,"template":"","format":"standard","meta":{"tdm_status":"","tdm_grid_status":"","footnotes":""},"categories":[22],"tags":[],"class_list":{"0":"post-5738","1":"post","2":"type-post","3":"status-publish","4":"format-standard","6":"category-brasil"},"_links":{"self":[{"href":"https:\/\/migracao.redenoticia.com.br\/noticia\/wp-json\/wp\/v2\/posts\/5738","targetHints":{"allow":["GET"]}}],"collection":[{"href":"https:\/\/migracao.redenoticia.com.br\/noticia\/wp-json\/wp\/v2\/posts"}],"about":[{"href":"https:\/\/migracao.redenoticia.com.br\/noticia\/wp-json\/wp\/v2\/types\/post"}],"author":[{"embeddable":true,"href":"https:\/\/migracao.redenoticia.com.br\/noticia\/wp-json\/wp\/v2\/users\/3"}],"replies":[{"embeddable":true,"href":"https:\/\/migracao.redenoticia.com.br\/noticia\/wp-json\/wp\/v2\/comments?post=5738"}],"version-history":[{"count":0,"href":"https:\/\/migracao.redenoticia.com.br\/noticia\/wp-json\/wp\/v2\/posts\/5738\/revisions"}],"wp:attachment":[{"href":"https:\/\/migracao.redenoticia.com.br\/noticia\/wp-json\/wp\/v2\/media?parent=5738"}],"wp:term":[{"taxonomy":"category","embeddable":true,"href":"https:\/\/migracao.redenoticia.com.br\/noticia\/wp-json\/wp\/v2\/categories?post=5738"},{"taxonomy":"post_tag","embeddable":true,"href":"https:\/\/migracao.redenoticia.com.br\/noticia\/wp-json\/wp\/v2\/tags?post=5738"}],"curies":[{"name":"wp","href":"https:\/\/api.w.org\/{rel}","templated":true}]}}