{"id":5744,"date":"2009-07-18T14:43:50","date_gmt":"2009-07-18T18:43:50","guid":{"rendered":"http:\/\/www.redenoticia.com.br\/noticia\/?p=5744"},"modified":"2009-07-18T14:43:50","modified_gmt":"2009-07-18T18:43:50","slug":"projeto-cidade-limpa-de-rondonia-ainda-nao-chegou-em-ji-parana","status":"publish","type":"post","link":"https:\/\/migracao.redenoticia.com.br\/noticia\/2009\/projeto-cidade-limpa-de-rondonia-ainda-nao-chegou-em-ji-parana\/5744","title":{"rendered":"Projeto Cidade Limpa de Rond\u00f4nia ainda n\u00e3o chegou em Ji-Paran\u00e1"},"content":{"rendered":"<p>Ji-Paran\u00e1, segunda maior cidade do Estado de Rond\u00f4nia, ainda n\u00e3o recebeu o projeto Cidade Limpa prometido pelo Governo do Estado. Em visita \u00e0 cidade, durante entrevista coletiva da assinatura do FITHA, o vice governador Jo\u00e3o Cahulla informou que as m\u00e1quinas para a limpeza da cidade, conhecidas pela popula\u00e7\u00e3o por terem sido mostradas em desfile nos dois distritos, chegaria em breve para in\u00edcio dos trabalhos.<\/p>\n<p>Ontem (17), o Secret\u00e1rio de Obras de Ji-Paran\u00e1 Assis Canuto, em entrevista sobre a retomada de diversas e importantes obras de cal\u00e7amento e recupera\u00e7\u00e3o de linhas na cidade, disse que o vice governador ainda n\u00e3o confirmou a agenda do projeto Cidade Limpa para o munic\u00edpio. Assis Canuto complementou que Ji-Paran\u00e1 \u00e9 muito grande e \u00e9 prioridade manter as ruas e estradas trafeg\u00e1veis com a atua\u00e7\u00e3o das m\u00e1quinas da prefeitura, e seria muito importante o projeto Cidade Limpa para limpar os bairros antes do rein\u00edcio das chuvas.<\/p>\n<p>As m\u00e1quinas e trabalhadores do Programa Cidade Limpa j\u00e1 iniciaram os trabalhos de limpeza, abertura, retirada de entulhos, abertura de bueiros e galerias, entre outros servi\u00e7os, no munic\u00edpio de S\u00e3o Francisco do Guapor\u00e9, na regi\u00e3o da BR-429.<\/p>\n<p>\u201cO ritmo de trabalho \u00e9 intenso, com a abertura e limpeza de ruas, e a retirada dos entulhos, as ruas ser\u00e3o encascalhadas, melhorando tr\u00e1fego e apar\u00eancia da cidade\u201d, disse Cahulla, que tem acompanhado os trabalhos do Cidade Limpa em todos os munic\u00edpios onde o programa \u00e9 desenvolvido.<\/p>\n<p>No total, s\u00e3o 12 m\u00e1quinas, tratores e caminh\u00f5es adquiridos com recursos pr\u00f3prios do Estado, que far\u00e3o o trabalho de limpeza S\u00e3o Francisco do Guapor\u00e9. \u201cO Governo tem sido um parceiro fundamental para o nosso munic\u00edpio, e o Cidade Limpa \u00e9 mais uma prova dessa parceria\u201d, disse o prefeito Jairo Borges, que agradeceu ao vice-governador pelo trabalho no munic\u00edpio.<\/p>\n","protected":false},"excerpt":{"rendered":"<p>Ji-Paran\u00e1, segunda maior cidade do Estado de Rond\u00f4nia, ainda n\u00e3o recebeu o projeto Cidade Limpa prometido pelo Governo do Estado. Em visita \u00e0 cidade, durante entrevista coletiva da assinatura do FITHA, o vice governador Jo\u00e3o Cahulla informou que as m\u00e1quinas para a limpeza da cidade, conhecidas pela popula\u00e7\u00e3o por terem sido mostradas em desfile nos [&hellip;]<\/p>\n","protected":false},"author":3,"featured_media":0,"comment_status":"open","ping_status":"open","sticky":false,"template":"","format":"standard","meta":{"tdm_status":"","tdm_grid_status":"","footnotes":""},"categories":[22],"tags":[],"class_list":{"0":"post-5744","1":"post","2":"type-post","3":"status-publish","4":"format-standard","6":"category-brasil"},"_links":{"self":[{"href":"https:\/\/migracao.redenoticia.com.br\/noticia\/wp-json\/wp\/v2\/posts\/5744","targetHints":{"allow":["GET"]}}],"collection":[{"href":"https:\/\/migracao.redenoticia.com.br\/noticia\/wp-json\/wp\/v2\/posts"}],"about":[{"href":"https:\/\/migracao.redenoticia.com.br\/noticia\/wp-json\/wp\/v2\/types\/post"}],"author":[{"embeddable":true,"href":"https:\/\/migracao.redenoticia.com.br\/noticia\/wp-json\/wp\/v2\/users\/3"}],"replies":[{"embeddable":true,"href":"https:\/\/migracao.redenoticia.com.br\/noticia\/wp-json\/wp\/v2\/comments?post=5744"}],"version-history":[{"count":0,"href":"https:\/\/migracao.redenoticia.com.br\/noticia\/wp-json\/wp\/v2\/posts\/5744\/revisions"}],"wp:attachment":[{"href":"https:\/\/migracao.redenoticia.com.br\/noticia\/wp-json\/wp\/v2\/media?parent=5744"}],"wp:term":[{"taxonomy":"category","embeddable":true,"href":"https:\/\/migracao.redenoticia.com.br\/noticia\/wp-json\/wp\/v2\/categories?post=5744"},{"taxonomy":"post_tag","embeddable":true,"href":"https:\/\/migracao.redenoticia.com.br\/noticia\/wp-json\/wp\/v2\/tags?post=5744"}],"curies":[{"name":"wp","href":"https:\/\/api.w.org\/{rel}","templated":true}]}}