{"id":5747,"date":"2009-07-18T14:47:15","date_gmt":"2009-07-18T18:47:15","guid":{"rendered":"http:\/\/www.redenoticia.com.br\/noticia\/?p=5747"},"modified":"2009-07-19T11:34:38","modified_gmt":"2009-07-19T15:34:38","slug":"acao-conjunta-da-pm-e-civil-apreende-droga-e-prende-dois-homens-em-ji-parana","status":"publish","type":"post","link":"https:\/\/migracao.redenoticia.com.br\/noticia\/2009\/acao-conjunta-da-pm-e-civil-apreende-droga-e-prende-dois-homens-em-ji-parana\/5747","title":{"rendered":"A\u00e7\u00e3o conjunta da PM e Civil apreende droga e prende dois homens em Ji-Paran\u00e1"},"content":{"rendered":"<p>Angelo Canci Neto e Ronilson Fernandes Sabino, s\u00f3cios no tr\u00e1fico de drogas no munic\u00edpio de Ji-paran\u00e1, tiveram que interromper a sociedade criminosa na \u00faltima quinta-feira, por volta das 14h30 quando policiais do N\u00facleo de Intelig\u00eancia da PM em Presidente M\u00e9dici, com o apoio da SEVIC &#8211; Servi\u00e7o de Investiga\u00e7\u00f5es e Capturas da Pol\u00edcia Civil e Patrulha de Servi\u00e7o comandada da PM J. Marques descobriam o lugar onde eles comercializavam a droga.<\/p>\n<p>Com Mandado de Busca e apreens\u00e3o, assinado pelo juiz local, as equipes entraram na resid\u00eancia de Angelo Canci Neto localizada na Av. Ji-paran\u00e1. \u00a0No local estava Ronilson Fernandes Sabino que mora na resid\u00eancia e cumpria albergue no pres\u00eddio local.<\/p>\n<p>De acordo com a Policia Angelo era s\u00f3cio de Ronilson no crime de tr\u00e1fico de drogas. Esta casa servia como boca de fumo, sendo que eles mantinham outra resid\u00eancia\u00a0 como dep\u00f3sito. Durante as buscas nesta casa foi encontrada uma por\u00e7\u00e3o de entorpecentes (paranga), R$ 542,45 pertencente a Angelo e R$ 107,00 pertencente a Ronilson.<\/p>\n<p>No local tamb\u00e9m foram\u00a0 apreendidos televisores, aparelhos de DVD, caderno de anota\u00e7\u00f5es da contabilidade do tr\u00e1fico e celulares. Cumprindo Mandado de Busca (determinado para duas resid\u00eancias), os policiais foram at\u00e9 o outro endere\u00e7o localizado \u00e0 Av. Amazonas, local que servia como dep\u00f3sito dos entorpecentes de Angelo e Ronilson.<\/p>\n<p>Neste local, foram encontradas em todos os c\u00f4modos como tamb\u00e9m no quintal, 31 por\u00e7\u00f5es de entorpecentes que pesaram aproximadamente 65 gramas. Em um dos quartos, embaixo de um vaso sanit\u00e1rio foi localizada uma por\u00e7\u00e3o de entorpecentes que pesava aproximadamente 70 gramas. Uma balan\u00e7a de precis\u00e3o e\u00a0v\u00e1rias sacolas j\u00e1 preparadas (recortadas) para servir de embalagem foram apreendidas.\u00a0 Tanto Angelo como Ronilson s\u00e3o reincidentes no crime de tr\u00e1fico de entorpecentes. Este foi mais um trabalho em conjunto entre a Pol\u00edcia Militar e Pol\u00edcia Civil, deixando a popula\u00e7\u00e3o de Ji-Paran\u00e1 mais tranq\u00fcila e confiante nas a\u00e7\u00f5es ali desenvolvidas.<\/p>\n<p>Fonte: DECOM &#8211; Departamento de Comunica\u00e7\u00e3o Social<\/p>\n","protected":false},"excerpt":{"rendered":"<p>Angelo Canci Neto e Ronilson Fernandes Sabino, s\u00f3cios no tr\u00e1fico de drogas no munic\u00edpio de Ji-paran\u00e1, tiveram que interromper a sociedade criminosa na \u00faltima quinta-feira, por volta das 14h30 quando policiais do N\u00facleo de Intelig\u00eancia da PM em Presidente M\u00e9dici, com o apoio da SEVIC &#8211; Servi\u00e7o de Investiga\u00e7\u00f5es e Capturas da Pol\u00edcia Civil e [&hellip;]<\/p>\n","protected":false},"author":3,"featured_media":0,"comment_status":"open","ping_status":"open","sticky":false,"template":"","format":"standard","meta":{"tdm_status":"","tdm_grid_status":"","footnotes":""},"categories":[22],"tags":[],"class_list":{"0":"post-5747","1":"post","2":"type-post","3":"status-publish","4":"format-standard","6":"category-brasil"},"_links":{"self":[{"href":"https:\/\/migracao.redenoticia.com.br\/noticia\/wp-json\/wp\/v2\/posts\/5747","targetHints":{"allow":["GET"]}}],"collection":[{"href":"https:\/\/migracao.redenoticia.com.br\/noticia\/wp-json\/wp\/v2\/posts"}],"about":[{"href":"https:\/\/migracao.redenoticia.com.br\/noticia\/wp-json\/wp\/v2\/types\/post"}],"author":[{"embeddable":true,"href":"https:\/\/migracao.redenoticia.com.br\/noticia\/wp-json\/wp\/v2\/users\/3"}],"replies":[{"embeddable":true,"href":"https:\/\/migracao.redenoticia.com.br\/noticia\/wp-json\/wp\/v2\/comments?post=5747"}],"version-history":[{"count":0,"href":"https:\/\/migracao.redenoticia.com.br\/noticia\/wp-json\/wp\/v2\/posts\/5747\/revisions"}],"wp:attachment":[{"href":"https:\/\/migracao.redenoticia.com.br\/noticia\/wp-json\/wp\/v2\/media?parent=5747"}],"wp:term":[{"taxonomy":"category","embeddable":true,"href":"https:\/\/migracao.redenoticia.com.br\/noticia\/wp-json\/wp\/v2\/categories?post=5747"},{"taxonomy":"post_tag","embeddable":true,"href":"https:\/\/migracao.redenoticia.com.br\/noticia\/wp-json\/wp\/v2\/tags?post=5747"}],"curies":[{"name":"wp","href":"https:\/\/api.w.org\/{rel}","templated":true}]}}