{"id":5750,"date":"2009-07-18T15:23:39","date_gmt":"2009-07-18T19:23:39","guid":{"rendered":"http:\/\/www.redenoticia.com.br\/noticia\/?p=5750"},"modified":"2009-07-27T02:07:55","modified_gmt":"2009-07-27T02:07:55","slug":"clima-tempo-indica-que-os-termometros-voltam-a-baixar-em-sao-paulo-e-rio-de-janeiro-neste-domingo","status":"publish","type":"post","link":"https:\/\/migracao.redenoticia.com.br\/noticia\/2009\/clima-tempo-indica-que-os-termometros-voltam-a-baixar-em-sao-paulo-e-rio-de-janeiro-neste-domingo\/5750","title":{"rendered":"Clima Tempo indica que os term\u00f4metros voltam a baixar em S\u00e3o Paulo e Rio de Janeiro neste domingo"},"content":{"rendered":"<p>No s\u00e1bado, uma nova frente fria avan\u00e7a e provoca a forma\u00e7\u00e3o de nuvens de chuva no oeste, no sul, no interior e no litoral de S\u00e3o Paulo assim como no sul do Rio de Janeiro. Nestas \u00e1reas o sol aparece pouco e ocorrem pancadas de chuva a qualquer hora do dia. No Sul de S\u00e3o Paulo o tempo fecha completamente. Apesar de o c\u00e9u ficar com muitas nuvens, n\u00e3o h\u00e1 mais previs\u00e3o de chuva para o Esp\u00edrito Santo e o nordeste de Minas Gerais. Nas outras \u00e1reas o sol predomina forte e o tempo fica firme.<\/p>\n<p>As frentes frias n\u00e3o respeitam os desejos, eventos e nem o calend\u00e1rio de festas. A frente fria que passa pelo litoral de S\u00e3o Paulo n\u00e3o vai provocar a chuvarada que ocorreu no s\u00e1bado passado. Desta vez, o sol ainda vai aparecer, mas junto de muitas nuvens e a chuva que ocorrer ser\u00e1 r\u00e1pida. Mas os term\u00f4metros voltam a baixar. Neste s\u00e1bado, a queda de temperatura ser\u00e1 leve, mas no domingo, a sensa\u00e7\u00e3o ser\u00e1 de frio o dia todo.<\/p>\n<p>No litoral, as mudan\u00e7as ser\u00e3o maiores. A nebulosidade vai deixar o c\u00e9u quase todo nublado no fim de semana e h\u00e1 condi\u00e7\u00f5es de chuva, de fraca a moderada intensidade. A temperatura cai. No domingo, o vento frio chega forte e quem for velejar deve ficar atento para as fortes rajadas. O mar sobe e as ondas podem chegar a 1,5 metros.<\/p>\n<p>No interior de S\u00e3o Paulo, o tempo tamb\u00e9m vai mudar um pouco. O sol vai aparecer, mas a nebulosidade aumenta e h\u00e1 possibilidade de r\u00e1pidas pancadas de chuva a partir da tarde. No norte do Estado, pode chover um pouco, mas s\u00f3 no domingo.<\/p>\n<p>E o pessoal do Rio de Janeiro que se prepare. Depois do sol e do calor de 30\u00ba nesta sexta-feira, a frente fria tamb\u00e9m vira o tempo no domingo.<\/p>\n<p>Sobre o Grupo Climatempo<br \/>\nO Grupo Climatempo \u00e9 a maior empresa privada de meteorologia do pa\u00eds. Uma holding formada pela Climatempo Consultoria, Ag\u00eancia Climatempo, a TV Climatempo e a CLIMANET (Internet, servi\u00e7os de tecnologia e inform\u00e1tica). Atualmente, o Grupo Climatempo fornece conte\u00fado para os principais portais do pa\u00eds, mais de 50 retransmissoras de televis\u00e3o do Brasil, r\u00e1dios e tem cerca de mil clientes. Os dois principais segmentos atendidos s\u00e3o o de agroneg\u00f3cios e meios de comunica\u00e7\u00e3o. Al\u00e9m destes, fornece conte\u00fado meteorol\u00f3gico estrat\u00e9gico para produtoras, a ind\u00fastria eletroeletr\u00f4nica e t\u00eaxtil, com\u00e9rcio, moda e turismo, constru\u00e7\u00e3o civil, setor de energia, entre outros setores.<br \/>\nO Grupo \u00e9 presidido pelo meteorologista Carlos Magno, um dos primeiros comunicadores da profiss\u00e3o no Pa\u00eds, com mais de 23 anos de carreira, que ajudou a mudar a cultura que o brasileiro tinha sobre a meteorologia. O Grupo Climatempo conta ainda com Ana L\u00facia Frony vice-presidente, Renato Urbinder, s\u00f3cio-diretor (Diretor de Neg\u00f3cios e Projetos Especiais), e os diretores executivos Gilca Palma (Climatempo Meteorologia), Andr\u00e9 Madeira (Ag\u00eancia Climatempo) e o jornalista Paulo Polli (TV Climatempo) no Conselho Consultivo.<\/p>\n","protected":false},"excerpt":{"rendered":"<p>No s\u00e1bado, uma nova frente fria avan\u00e7a e provoca a forma\u00e7\u00e3o de nuvens de chuva no oeste, no sul, no interior e no litoral de S\u00e3o Paulo assim como no sul do Rio de Janeiro. Nestas \u00e1reas o sol aparece pouco e ocorrem pancadas de chuva a qualquer hora do dia. No Sul de S\u00e3o [&hellip;]<\/p>\n","protected":false},"author":3,"featured_media":0,"comment_status":"open","ping_status":"open","sticky":false,"template":"","format":"standard","meta":{"tdm_status":"","tdm_grid_status":"","footnotes":""},"categories":[22,327],"tags":[],"class_list":{"0":"post-5750","1":"post","2":"type-post","3":"status-publish","4":"format-standard","6":"category-brasil","7":"category-clima"},"_links":{"self":[{"href":"https:\/\/migracao.redenoticia.com.br\/noticia\/wp-json\/wp\/v2\/posts\/5750","targetHints":{"allow":["GET"]}}],"collection":[{"href":"https:\/\/migracao.redenoticia.com.br\/noticia\/wp-json\/wp\/v2\/posts"}],"about":[{"href":"https:\/\/migracao.redenoticia.com.br\/noticia\/wp-json\/wp\/v2\/types\/post"}],"author":[{"embeddable":true,"href":"https:\/\/migracao.redenoticia.com.br\/noticia\/wp-json\/wp\/v2\/users\/3"}],"replies":[{"embeddable":true,"href":"https:\/\/migracao.redenoticia.com.br\/noticia\/wp-json\/wp\/v2\/comments?post=5750"}],"version-history":[{"count":0,"href":"https:\/\/migracao.redenoticia.com.br\/noticia\/wp-json\/wp\/v2\/posts\/5750\/revisions"}],"wp:attachment":[{"href":"https:\/\/migracao.redenoticia.com.br\/noticia\/wp-json\/wp\/v2\/media?parent=5750"}],"wp:term":[{"taxonomy":"category","embeddable":true,"href":"https:\/\/migracao.redenoticia.com.br\/noticia\/wp-json\/wp\/v2\/categories?post=5750"},{"taxonomy":"post_tag","embeddable":true,"href":"https:\/\/migracao.redenoticia.com.br\/noticia\/wp-json\/wp\/v2\/tags?post=5750"}],"curies":[{"name":"wp","href":"https:\/\/api.w.org\/{rel}","templated":true}]}}