{"id":57702,"date":"2014-07-28T21:04:32","date_gmt":"2014-07-29T00:04:32","guid":{"rendered":"http:\/\/www.redenoticia.com.br\/noticia\/?p=57702"},"modified":"2014-07-28T21:04:32","modified_gmt":"2014-07-29T00:04:32","slug":"novela-geracao-brasil-veronica-investiga-glaucia","status":"publish","type":"post","link":"https:\/\/migracao.redenoticia.com.br\/noticia\/2014\/novela-geracao-brasil-veronica-investiga-glaucia\/57702","title":{"rendered":"Novela \u201cGera\u00e7\u00e3o Brasil\u201d: Ver\u00f4nica investiga Gl\u00e1ucia"},"content":{"rendered":"<p><a href=\"https:\/\/migracao.redenoticia.com.br\/noticia\/imagens\/geracao_brasil_novela_globo_resumo.jpg.jpg\"><img loading=\"lazy\" decoding=\"async\" class=\"alignleft size-medium wp-image-54394\" src=\"https:\/\/migracao.redenoticia.com.br\/noticia\/imagens\/geracao_brasil_novela_globo_resumo.jpg-187x187.jpg\" alt=\"geracao_brasil_novela_globo_resumo.jpg\" width=\"187\" height=\"187\" srcset=\"https:\/\/migracao.redenoticia.com.br\/noticia\/imagens\/geracao_brasil_novela_globo_resumo.jpg-187x187.jpg 187w, https:\/\/migracao.redenoticia.com.br\/noticia\/imagens\/geracao_brasil_novela_globo_resumo.jpg.jpg 300w, https:\/\/migracao.redenoticia.com.br\/noticia\/imagens\/geracao_brasil_novela_globo_resumo.jpg-150x150.jpg 150w, https:\/\/migracao.redenoticia.com.br\/noticia\/imagens\/geracao_brasil_novela_globo_resumo.jpg-110x110.jpg 110w, https:\/\/migracao.redenoticia.com.br\/noticia\/imagens\/geracao_brasil_novela_globo_resumo.jpg-50x50.jpg 50w\" sizes=\"auto, (max-width: 187px) 100vw, 187px\" \/><\/a><strong><em>Novela \u201cGera\u00e7\u00e3o Brasil\u201d:<\/em><\/strong> Ver\u00f4nica (Ta\u00eds Ara\u00fajo) revira o passado de Jonas (Murilo Ben\u00edcio) e recebe por email o v\u00eddeo de uma entrevista antiga com Gl\u00e1ucia Beatriz (Renata Sorrah). Na entrevista, a m\u00e3e de Jonas faz v\u00e1rias acusa\u00e7\u00f5es contra o filho. Ver\u00f4nica vai at\u00e9 o apartamento de Gl\u00e1ucia Beatriz e \u00e9 expulsa do local. Iracema (Aracy Balabanian) v\u00ea a cena, acolhe Ver\u00f4nica e pede a uma antiga amiga que conte tudo o que sabe sobre Gl\u00e1ucia. Ver\u00f4nica descobre que Gl\u00e1ucia teve um caso com o delegado Aroeira (Oscar Magrini) e resolve falar com o policial.<\/p>\n<p>Fonte Rede Globo \u2013 nos pr\u00f3ximos cap\u00edtulos da novela \u201cGera\u00e7\u00e3o Brasil\u201d Davi tenta acalmar Manuela. Megan se prepara para ir \u00e0 Calif\u00f3rnia. Come\u00e7a o segundo epis\u00f3dio do Gera\u00e7\u00e3o Nem-Nem. Ernesto n\u00e3o consegue falar com Boccardi e confessa que pegou dinheiro de Iracema. Lara e Brian desenvolvem uma grande afinidade. Pamela entrega para Megan um colar com um perfume especial. Davi pede para Jonas deixar Manuela ir a S\u00e3o Francisco em seu lugar. Lara ajuda Brian a desbloquear uma mem\u00f3ria. Matias ajuda Danusa a procurar um apartamento perto de sua casa. Gl\u00e1ucia se une a Marisa para convencer Danusa a continuar morando com a fam\u00edlia. Ernesto descobre que foi enganado por Boccardi. Megan reclama com Jonas de ter que viajar com Manuela. Iracema expulsa Ernesto de sua casa. Megan e Pamela se surpreendem com o n\u00famero de pessoas pedindo para participar do programa Gera\u00e7\u00e3o Nem-Nem. Davi convida Vicente para trabalhar com ele na Marra, e Ver\u00f4nica e Herval desconfiam. Tatiana tenta consolar Ernesto. Iracema pensa em alugar sua cobertura. Gl\u00e1ucia chama Matias para morar com sua fam\u00edlia, e Danusa fica furiosa. Megan usa o perfume que Pamela lhe deu e tenta seduzir Davi. Ver\u00f4nica procura Jonas. Gl\u00e1ucia descobre que Iracema alugar\u00e1 sua cobertura. Ver\u00f4nica recebe um e-mail com uma reportagem que Jonas proibiu de ir ao ar.<\/p>\n<p>D\u00e9bora decide levar Ver\u00f4nica para falar com o rep\u00f3rter que entrevistou Gl\u00e1ucia. Pamela e Dorothy criticam Brian por tentar reprogramar Barata. Davi mente para Jonas sobre Manuela. Barata descobre um segredo de Dorothy. Barata convida Luene para jantar. Gl\u00e1ucia tenta alugar a cobertura de Iracema. Herval se surpreende ao ver Pamela na Plugar. Davi se preocupa com o sumi\u00e7o de Manuela. Ver\u00f4nica vai \u00e0 casa de Gl\u00e1ucia, mas \u00e9 expulsa. Iracema acolhe a jornalista e chama Mad\u00e1 para contar o que sabe sobre a m\u00e3e de Jonas. D\u00e9bora faz um telefonema secreto ao saber que Ver\u00f4nica ir\u00e1 procurar Aroeira. Herval vai atr\u00e1s de Ver\u00f4nica. Thales avisa que Manuela e Igor est\u00e3o desaparecidos, e Davi se desespera. Rita tenta acalmar Davi. Barata fala de Ver\u00f4nica para Luene. Davi n\u00e3o consegue dormir e decide contar a verdade para Jonas. Todos na Marra assistem a um document\u00e1rio sobre Brian. Shin entrevista Lara e Matias. Barata fica arrasado ao ver Ver\u00f4nica com Herval na inaugura\u00e7\u00e3o do Regenera. Pamela e Rita descobrem que Manuela n\u00e3o apareceu para falar com o poss\u00edvel investidor do J\u00fanior. Manuela entra em contato com Davi. Pamela inicia a apresenta\u00e7\u00e3o do Regenera. Jonas e Davi apresentam o novo tablet da Marra. Manuela faz sua apresenta\u00e7\u00e3o no semin\u00e1rio em S\u00e3o Francisco. Davi se emociona ao ver as crian\u00e7as da Plugar se apresentando. Jonas e Brian sobem ao palco para apresentar seu projeto secreto. Herval percebe Ver\u00f4nica abalada com a apresenta\u00e7\u00e3o de Jonas. Jonas pede para Davi ajud\u00e1-lo em seu novo projeto. Edna filma Brian fugindo de Marisa. Aconselhado por Luene, Barata convida Edna para sair, e Ver\u00f4nica se incomoda. Jonas d\u00e1 not\u00edcias de Manuela para Davi. Vander e Mosca pedem para Ernesto ajud\u00e1-los a participar do Gera\u00e7\u00e3o Nem-Nem. Davi \u00e9 chamado para jantar na casa de Danusa. S\u00edlvio revela seu problema com Marisa para Elias e Barata. Dorothy sente ci\u00fames da aproxima\u00e7\u00e3o de Lara e Brian. Danilo convida Megan para jantar em sua casa. S\u00edlvio conversa com Marisa. Ver\u00f4nica vai atr\u00e1s de Aroeira e avisa a D\u00e9bora. Gl\u00e1ucia se insinua para Dante. Danusa leva Davi e Matias para conhecer o quarto onde Jonas dormia. Megan chega \u00e0 casa de sua av\u00f3. Ver\u00f4nica conversa com Aroeira e o provoca ao falar de Jonas.<\/p>\n","protected":false},"excerpt":{"rendered":"<p>Novela \u201cGera\u00e7\u00e3o Brasil\u201d: Ver\u00f4nica (Ta\u00eds Ara\u00fajo) revira o passado de Jonas (Murilo Ben\u00edcio) e recebe por email o v\u00eddeo de uma entrevista antiga com Gl\u00e1ucia Beatriz (Renata Sorrah). Na entrevista, a m\u00e3e de Jonas faz v\u00e1rias acusa\u00e7\u00f5es contra o filho. Ver\u00f4nica vai at\u00e9 o apartamento de Gl\u00e1ucia Beatriz e \u00e9 expulsa do local. Iracema (Aracy [&hellip;]<\/p>\n","protected":false},"author":2,"featured_media":54394,"comment_status":"open","ping_status":"closed","sticky":false,"template":"","format":"standard","meta":{"tdm_status":"","tdm_grid_status":"","footnotes":""},"categories":[379,375,343],"tags":[],"class_list":{"0":"post-57702","1":"post","2":"type-post","3":"status-publish","4":"format-standard","5":"has-post-thumbnail","7":"category-novelas","8":"category-rede-globo","9":"category-televisao"},"_links":{"self":[{"href":"https:\/\/migracao.redenoticia.com.br\/noticia\/wp-json\/wp\/v2\/posts\/57702","targetHints":{"allow":["GET"]}}],"collection":[{"href":"https:\/\/migracao.redenoticia.com.br\/noticia\/wp-json\/wp\/v2\/posts"}],"about":[{"href":"https:\/\/migracao.redenoticia.com.br\/noticia\/wp-json\/wp\/v2\/types\/post"}],"author":[{"embeddable":true,"href":"https:\/\/migracao.redenoticia.com.br\/noticia\/wp-json\/wp\/v2\/users\/2"}],"replies":[{"embeddable":true,"href":"https:\/\/migracao.redenoticia.com.br\/noticia\/wp-json\/wp\/v2\/comments?post=57702"}],"version-history":[{"count":0,"href":"https:\/\/migracao.redenoticia.com.br\/noticia\/wp-json\/wp\/v2\/posts\/57702\/revisions"}],"wp:featuredmedia":[{"embeddable":true,"href":"https:\/\/migracao.redenoticia.com.br\/noticia\/wp-json\/wp\/v2\/media\/54394"}],"wp:attachment":[{"href":"https:\/\/migracao.redenoticia.com.br\/noticia\/wp-json\/wp\/v2\/media?parent=57702"}],"wp:term":[{"taxonomy":"category","embeddable":true,"href":"https:\/\/migracao.redenoticia.com.br\/noticia\/wp-json\/wp\/v2\/categories?post=57702"},{"taxonomy":"post_tag","embeddable":true,"href":"https:\/\/migracao.redenoticia.com.br\/noticia\/wp-json\/wp\/v2\/tags?post=57702"}],"curies":[{"name":"wp","href":"https:\/\/api.w.org\/{rel}","templated":true}]}}