{"id":57765,"date":"2014-07-30T16:02:36","date_gmt":"2014-07-30T19:02:36","guid":{"rendered":"http:\/\/www.redenoticia.com.br\/noticia\/?p=57765"},"modified":"2014-07-30T16:02:36","modified_gmt":"2014-07-30T19:02:36","slug":"escola-de-verao-ipsa-usp-tem-inscricoes-abertas-ate-10-de-outubro","status":"publish","type":"post","link":"https:\/\/migracao.redenoticia.com.br\/noticia\/2014\/escola-de-verao-ipsa-usp-tem-inscricoes-abertas-ate-10-de-outubro\/57765","title":{"rendered":"Escola de Ver\u00e3o IPSA-USP tem inscri\u00e7\u00f5es abertas at\u00e9 10 de outubro"},"content":{"rendered":"<p>Ag\u00eancia FAPESP\u00a0\u2013 Est\u00e3o abertas, at\u00e9 10 de outubro, as inscri\u00e7\u00f5es para a sexta edi\u00e7\u00e3o da <em><strong>Escola de Ver\u00e3o IPSA-USP<\/strong><\/em> em Conceitos e M\u00e9todos em Ci\u00eancia Pol\u00edtica e Rela\u00e7\u00f5es Internacionais, que ser\u00e1 realizada de 26 de janeiro a 13 de fevereiro de 2015, em S\u00e3o Paulo.<\/p>\n<p style=\"color: #000000;\">A escola \u00e9 resultado de uma parceria entre a International Political Science Association (IPSA), o Departamento de Ci\u00eancia Pol\u00edtica da Universidade de S\u00e3o Paulo (USP) e do Instituto de Rela\u00e7\u00f5es Internacionais (IRI), tamb\u00e9m da USP, com o objetivo de treinar atuais e futuros acad\u00eamicos em m\u00e9todos de ponta nas Ci\u00eancias Sociais, incluindo an\u00e1lise de dados qualitativos e quantitativos e desenhos de projetos de pesquisa e m\u00e9todos de investiga\u00e7\u00e3o.<\/p>\n<p style=\"color: #000000;\">A iniciativa tamb\u00e9m visa criar redes de pesquisa abrangentes e firmar-se como uma escola de ver\u00e3o na Am\u00e9rica Latina que sirva como centro global para a propaga\u00e7\u00e3o de m\u00e9todos e t\u00e9cnicas avan\u00e7adas de pesquisa em Ci\u00eancia Pol\u00edtica.<\/p>\n<p style=\"color: #000000;\">O programa de 2015 conta com 13 cursos \u2013 quatro deles de reciclagem, ministrados em uma semana, um regular tamb\u00e9m de uma semana e outros oito regulares de duas semanas.<\/p>\n<p style=\"color: #000000;\">Todas as aulas ser\u00e3o ministradas em ingl\u00eas, sem tradu\u00e7\u00e3o simult\u00e2nea.<\/p>\n<p style=\"color: #000000;\">A programa\u00e7\u00e3o detalhada e informa\u00e7\u00f5es sobre as inscri\u00e7\u00f5es podem ser conferidas no site\u00a0<a style=\"color: #6c8dbe;\" href=\"http:\/\/summerschool.fflch.usp.br\/\" target=\"_blank\">summerschool.fflch.usp.br<\/a>.<\/p>\n","protected":false},"excerpt":{"rendered":"<p>Ag\u00eancia FAPESP\u00a0\u2013 Est\u00e3o abertas, at\u00e9 10 de outubro, as inscri\u00e7\u00f5es para a sexta edi\u00e7\u00e3o da Escola de Ver\u00e3o IPSA-USP em Conceitos e M\u00e9todos em Ci\u00eancia Pol\u00edtica e Rela\u00e7\u00f5es Internacionais, que ser\u00e1 realizada de 26 de janeiro a 13 de fevereiro de 2015, em S\u00e3o Paulo. A escola \u00e9 resultado de uma parceria entre a International [&hellip;]<\/p>\n","protected":false},"author":2,"featured_media":57586,"comment_status":"open","ping_status":"closed","sticky":false,"template":"","format":"standard","meta":{"tdm_status":"","tdm_grid_status":"","footnotes":""},"categories":[22,351,370],"tags":[],"class_list":{"0":"post-57765","1":"post","2":"type-post","3":"status-publish","4":"format-standard","5":"has-post-thumbnail","7":"category-brasil","8":"category-cursos","9":"category-inscricao"},"_links":{"self":[{"href":"https:\/\/migracao.redenoticia.com.br\/noticia\/wp-json\/wp\/v2\/posts\/57765","targetHints":{"allow":["GET"]}}],"collection":[{"href":"https:\/\/migracao.redenoticia.com.br\/noticia\/wp-json\/wp\/v2\/posts"}],"about":[{"href":"https:\/\/migracao.redenoticia.com.br\/noticia\/wp-json\/wp\/v2\/types\/post"}],"author":[{"embeddable":true,"href":"https:\/\/migracao.redenoticia.com.br\/noticia\/wp-json\/wp\/v2\/users\/2"}],"replies":[{"embeddable":true,"href":"https:\/\/migracao.redenoticia.com.br\/noticia\/wp-json\/wp\/v2\/comments?post=57765"}],"version-history":[{"count":0,"href":"https:\/\/migracao.redenoticia.com.br\/noticia\/wp-json\/wp\/v2\/posts\/57765\/revisions"}],"wp:featuredmedia":[{"embeddable":true,"href":"https:\/\/migracao.redenoticia.com.br\/noticia\/wp-json\/wp\/v2\/media\/57586"}],"wp:attachment":[{"href":"https:\/\/migracao.redenoticia.com.br\/noticia\/wp-json\/wp\/v2\/media?parent=57765"}],"wp:term":[{"taxonomy":"category","embeddable":true,"href":"https:\/\/migracao.redenoticia.com.br\/noticia\/wp-json\/wp\/v2\/categories?post=57765"},{"taxonomy":"post_tag","embeddable":true,"href":"https:\/\/migracao.redenoticia.com.br\/noticia\/wp-json\/wp\/v2\/tags?post=57765"}],"curies":[{"name":"wp","href":"https:\/\/api.w.org\/{rel}","templated":true}]}}