{"id":5779,"date":"2009-07-18T23:08:23","date_gmt":"2009-07-19T03:08:23","guid":{"rendered":"http:\/\/www.redenoticia.com.br\/noticia\/?p=5779"},"modified":"2009-07-18T23:08:59","modified_gmt":"2009-07-19T03:08:59","slug":"calcados-confortaveis-versateis-e-estilosos-sao-os-destaques-da-dakota-para-o-verao-2010","status":"publish","type":"post","link":"https:\/\/migracao.redenoticia.com.br\/noticia\/2009\/calcados-confortaveis-versateis-e-estilosos-sao-os-destaques-da-dakota-para-o-verao-2010\/5779","title":{"rendered":"Cal\u00e7ados confort\u00e1veis, vers\u00e1teis e estilosos s\u00e3o os destaques da Dakota para o ver\u00e3o 2010"},"content":{"rendered":"<p><a href=\"https:\/\/migracao.redenoticia.com.br\/noticia\/imagens\/\/dakota.jpg\"><img loading=\"lazy\" decoding=\"async\" class=\"alignleft size-medium wp-image-5780\" title=\"dakota\" src=\"https:\/\/migracao.redenoticia.com.br\/noticia\/imagens\/\/dakota-249x187.jpg\" alt=\"dakota\" width=\"249\" height=\"187\" \/><\/a>Focada nas necessidades e no gosto das mulheres que prezam por comodidade e eleg\u00e2ncia, a Dakota apresentou durante a Francal 2009, que aconteceu de 14 a 17 de julho, no Parque de Exposi\u00e7\u00f5es Anhembi, em S\u00e3o Paulo\/SP, a cole\u00e7\u00e3o Ver\u00e3o 2010. Para proporcionar \u00e0s mulheres momentos de suavidade e liberdade aos p\u00e9s, a marca inseriu amortecedores nos saltos para absorver 67% dos impactos di\u00e1rios dos movimentos, favorecendo a circula\u00e7\u00e3o. Sand\u00e1lias, mocassins, sapatilhas, rasteiras entre outros modelos surgem em materiais importados, couros diferenciados, recortes decotados, saltos &#8211; que alongam a silhueta &#8211; e enfeites &#8211; que d\u00e3o mais glamour aos cal\u00e7ados.<\/p>\n<p>Os itens da Dakota para esta\u00e7\u00e3o mais quente do ano foram divididos em quatro interpreta\u00e7\u00f5es, sendo elas: Consci\u00eancia &#8211; que tem como prioridade a n\u00e3o ostenta\u00e7\u00e3o, o consumo consciente e a valoriza\u00e7\u00e3o da vida simples. Utiliza materiais inacabados, lembrando tecelagens antigas, mas com t\u00e9cnicas atuais. J\u00e1 a Muta\u00e7\u00e3o faz questionar as inova\u00e7\u00f5es necess\u00e1rias para enfrentar de modo criativo os principais acontecimentos mundiais. Efeitos decorativos, formas org\u00e2nicas e volumes s\u00e3o mesclados nos produtos desta linha. Garantindo o bom gosto da marca, a Intera\u00e7\u00e3o traz como refer\u00eancia a miscel\u00e2nea de etnias e culturas. O destaque fica por conta dos metais dourados ou pl\u00e1sticos transparentes aplicados nos cal\u00e7ados.<\/p>\n<p>A marca n\u00e3o deixou de explorar o tema Futurismo, em voga no cen\u00e1rio da moda, mesclando os anos 1920, 1980 e o conceito de Art D\u00e9co. Os materiais metalizados, detalhes estruturados e em acr\u00edlicos, saltos em formato de esculturas, geometrias e franjas despontam em itens confort\u00e1veis e antenados ao circuito fashion internacional. A cartela de cores fica por conta dos matizes: branco, mel\u00e3o, amarelo, verde, jasmim, ger\u00e2nio, coral, ocre, capuccino, caf\u00e9, fibra, lim\u00e3o, turquesa, rosa, vermelho, violeta, laranja, creme, avel\u00e3 e preto.<\/p>\n<p>A beleza da cole\u00e7\u00e3o Ver\u00e3o 2010 da Dakota pode ser encontrada em diversas lojas espalhadas por todo o Pa\u00eds.<\/p>\n","protected":false},"excerpt":{"rendered":"<p>Focada nas necessidades e no gosto das mulheres que prezam por comodidade e eleg\u00e2ncia, a Dakota apresentou durante a Francal 2009, que aconteceu de 14 a 17 de julho, no Parque de Exposi\u00e7\u00f5es Anhembi, em S\u00e3o Paulo\/SP, a cole\u00e7\u00e3o Ver\u00e3o 2010. Para proporcionar \u00e0s mulheres momentos de suavidade e liberdade aos p\u00e9s, a marca inseriu [&hellip;]<\/p>\n","protected":false},"author":3,"featured_media":0,"comment_status":"open","ping_status":"open","sticky":false,"template":"","format":"standard","meta":{"tdm_status":"","tdm_grid_status":"","footnotes":""},"categories":[22],"tags":[],"class_list":{"0":"post-5779","1":"post","2":"type-post","3":"status-publish","4":"format-standard","6":"category-brasil"},"_links":{"self":[{"href":"https:\/\/migracao.redenoticia.com.br\/noticia\/wp-json\/wp\/v2\/posts\/5779","targetHints":{"allow":["GET"]}}],"collection":[{"href":"https:\/\/migracao.redenoticia.com.br\/noticia\/wp-json\/wp\/v2\/posts"}],"about":[{"href":"https:\/\/migracao.redenoticia.com.br\/noticia\/wp-json\/wp\/v2\/types\/post"}],"author":[{"embeddable":true,"href":"https:\/\/migracao.redenoticia.com.br\/noticia\/wp-json\/wp\/v2\/users\/3"}],"replies":[{"embeddable":true,"href":"https:\/\/migracao.redenoticia.com.br\/noticia\/wp-json\/wp\/v2\/comments?post=5779"}],"version-history":[{"count":0,"href":"https:\/\/migracao.redenoticia.com.br\/noticia\/wp-json\/wp\/v2\/posts\/5779\/revisions"}],"wp:attachment":[{"href":"https:\/\/migracao.redenoticia.com.br\/noticia\/wp-json\/wp\/v2\/media?parent=5779"}],"wp:term":[{"taxonomy":"category","embeddable":true,"href":"https:\/\/migracao.redenoticia.com.br\/noticia\/wp-json\/wp\/v2\/categories?post=5779"},{"taxonomy":"post_tag","embeddable":true,"href":"https:\/\/migracao.redenoticia.com.br\/noticia\/wp-json\/wp\/v2\/tags?post=5779"}],"curies":[{"name":"wp","href":"https:\/\/api.w.org\/{rel}","templated":true}]}}