{"id":5802,"date":"2009-07-18T23:43:55","date_gmt":"2009-07-19T03:43:55","guid":{"rendered":"http:\/\/www.redenoticia.com.br\/noticia\/?p=5802"},"modified":"2009-09-07T16:36:43","modified_gmt":"2009-09-07T20:36:43","slug":"acidentes-domesticos","status":"publish","type":"post","link":"https:\/\/migracao.redenoticia.com.br\/noticia\/2009\/acidentes-domesticos\/5802","title":{"rendered":"Acidentes dom\u00e9sticos"},"content":{"rendered":"<p><a href=\"https:\/\/migracao.redenoticia.com.br\/noticia\/imagens\/\/acidente.jpg\"><img loading=\"lazy\" decoding=\"async\" class=\"alignleft size-full wp-image-5803\" title=\"acidente\" src=\"https:\/\/migracao.redenoticia.com.br\/noticia\/imagens\/\/acidente.jpg\" alt=\"acidente\" width=\"150\" height=\"113\" \/><\/a>Uma pesquisa feita pelo Minist\u00e9rio da Sa\u00fade informa que a cada ano mais de 140 mil crian\u00e7as s\u00e3o internadas em hospitais da rede p\u00fablica. A causa? Acidentes Dom\u00e9sticos, o que representa para o Servi\u00e7o \u00danico de Sa\u00fade (SUS) um custo no total de 63 milh\u00f5es de reais.<br \/>\nA maioria dos ferimentos nas m\u00e3os ocorre dentro de casa e as crian\u00e7as s\u00e3o as principais v\u00edtimas. Na fase da inf\u00e2ncia, onde a curiosidade prevalece, os pequenos costumam tocar tudo o que encontram como facas, tomadas, vidros e portas &#8211; considerados os itens que mais oferecem riscos. Por isso, nessa \u00e9poca de f\u00e9rias escolares a aten\u00e7\u00e3o dos pais \u00e9 de extrema exig\u00eancia, j\u00e1 que as crian\u00e7as passam ainda mais tempo dentro de casa. Os ferimentos mais comuns neste per\u00edodo s\u00e3o os esmagamentos de dedos e m\u00e3os em portas e janelas, queimaduras e cortes com vidros e objetos cortantes.<\/p>\n<p>Com o intuito de diminuir os n\u00fameros de acidentes com as m\u00e3os \u00e9 que a Associa\u00e7\u00e3o Brasileira de Cirurgia da M\u00e3o (ABCM) desenvolve a Campanha Nacional de Preven\u00e7\u00e3o a Acidentes e Traumas da M\u00e3o, uma a\u00e7\u00e3o com o intuito de conscientizar a popula\u00e7\u00e3o sobre os acidentes diversos que podem ocorrer tanto em casa como no trabalho, e ainda, ressaltar a import\u00e2ncia do especialista em cirurgia da m\u00e3o no primeiro atendimento do acidentado, j\u00e1 que dele depende o resultado e a evolu\u00e7\u00e3o do caso. O pronto atendimento mal conduzido gera graves sequelas ao acidentado, podendo causar incapacidade funcional.<\/p>\n<p>Acidentes infantis t\u00eam maior ou menor incid\u00eancia de acordo com a faixa et\u00e1ria e o desenvolvimento motor da crian\u00e7a, e o melhor rem\u00e9dio para essa realidade \u00e9 a preven\u00e7\u00e3o. E prevenir pode ser simples, se o adulto adquirir a consci\u00eancia de que as crian\u00e7as n\u00e3o possuem no\u00e7\u00e3o do perigo, nem discernimento sobre o que \u00e9 certo ou errado, lembrando tamb\u00e9m, que qualquer objeto aparentemente inofensivo pode se tornar uma arma poderosa na m\u00e3o de uma crian\u00e7a. Sendo assim, deve-se orientar, ensinar, alertar e esclarecer numa linguagem intelig\u00edvel a ela, os riscos que pode ocorrer se tomar aquela atitude, como forma de aprimorar a no\u00e7\u00e3o sobre o perigo.<\/p>\n<p>A ABCM (Associa\u00e7\u00e3o Brasileira de Cirurgia da M\u00e3o) \u00e9 uma sociedade que re\u00fane especialistas em cirurgia da m\u00e3o, que hoje \u00e9 reconhecida como uma especialidade m\u00e9dica, em todo o Brasil. A cirurgia da m\u00e3o engloba todo o membro superior, o que implica em tratar traumas que possam atingir estruturas que o constituem como osso, articula\u00e7\u00f5es, ligamentos, tend\u00f5es, m\u00fasculos, nervos, pele e vasos sangu\u00edneos. Preocupada com os traumas que podemos adquirir ao manuseio incorreto ou acidentes com as m\u00e3os, a ABCM, em seu ano cinquenten\u00e1rio, lan\u00e7a a Campanha Nacional de Preven\u00e7\u00e3o a Acidentes e Traumas da M\u00e3o, a fim de conscientizar a popula\u00e7\u00e3o sobre os riscos e maneiras de prevenir uma futura les\u00e3o.<\/p>\n<p>Para saber mais: www.cirurgiadamao.org.br<\/p>\n","protected":false},"excerpt":{"rendered":"<p>Uma pesquisa feita pelo Minist\u00e9rio da Sa\u00fade informa que a cada ano mais de 140 mil crian\u00e7as s\u00e3o internadas em hospitais da rede p\u00fablica. A causa? Acidentes Dom\u00e9sticos, o que representa para o Servi\u00e7o \u00danico de Sa\u00fade (SUS) um custo no total de 63 milh\u00f5es de reais. A maioria dos ferimentos nas m\u00e3os ocorre dentro [&hellip;]<\/p>\n","protected":false},"author":3,"featured_media":0,"comment_status":"open","ping_status":"open","sticky":false,"template":"","format":"standard","meta":{"tdm_status":"","tdm_grid_status":"","footnotes":""},"categories":[22,5],"tags":[],"class_list":{"0":"post-5802","1":"post","2":"type-post","3":"status-publish","4":"format-standard","6":"category-brasil","7":"category-saude-e-vida"},"_links":{"self":[{"href":"https:\/\/migracao.redenoticia.com.br\/noticia\/wp-json\/wp\/v2\/posts\/5802","targetHints":{"allow":["GET"]}}],"collection":[{"href":"https:\/\/migracao.redenoticia.com.br\/noticia\/wp-json\/wp\/v2\/posts"}],"about":[{"href":"https:\/\/migracao.redenoticia.com.br\/noticia\/wp-json\/wp\/v2\/types\/post"}],"author":[{"embeddable":true,"href":"https:\/\/migracao.redenoticia.com.br\/noticia\/wp-json\/wp\/v2\/users\/3"}],"replies":[{"embeddable":true,"href":"https:\/\/migracao.redenoticia.com.br\/noticia\/wp-json\/wp\/v2\/comments?post=5802"}],"version-history":[{"count":0,"href":"https:\/\/migracao.redenoticia.com.br\/noticia\/wp-json\/wp\/v2\/posts\/5802\/revisions"}],"wp:attachment":[{"href":"https:\/\/migracao.redenoticia.com.br\/noticia\/wp-json\/wp\/v2\/media?parent=5802"}],"wp:term":[{"taxonomy":"category","embeddable":true,"href":"https:\/\/migracao.redenoticia.com.br\/noticia\/wp-json\/wp\/v2\/categories?post=5802"},{"taxonomy":"post_tag","embeddable":true,"href":"https:\/\/migracao.redenoticia.com.br\/noticia\/wp-json\/wp\/v2\/tags?post=5802"}],"curies":[{"name":"wp","href":"https:\/\/api.w.org\/{rel}","templated":true}]}}