{"id":58056,"date":"2014-08-06T15:51:00","date_gmt":"2014-08-06T18:51:00","guid":{"rendered":"http:\/\/www.redenoticia.com.br\/noticia\/?p=58056"},"modified":"2014-08-06T15:51:00","modified_gmt":"2014-08-06T18:51:00","slug":"cerca-de-80-de-criancas-com-asma-tambem-apresentam-rinite-alergica","status":"publish","type":"post","link":"https:\/\/migracao.redenoticia.com.br\/noticia\/2014\/cerca-de-80-de-criancas-com-asma-tambem-apresentam-rinite-alergica\/58056","title":{"rendered":"Cerca de 80% de crian\u00e7as com asma tamb\u00e9m apresentam rinite al\u00e9rgica"},"content":{"rendered":"<p>A <strong><em>asma<\/em><\/strong>, caracterizada pela inflama\u00e7\u00e3o dos br\u00f4nquios que causa obstru\u00e7\u00e3o ao fluxo do ar, \u00e9 a doen\u00e7a cr\u00f4nica mais frequente na pediatria. Os sintomas s\u00e3o tosse, falta de ar, chiado e aperto no peito. &#8220;Entre as crian\u00e7as asm\u00e1ticas, cerca de 80% tamb\u00e9m t\u00eam rinite al\u00e9rgica. O que chamamos de doen\u00e7a da via a\u00e9rea \u00fanica&#8221;, afirma o Dr. Bernardo Kiertsman, professor adjunto de Pediatria e Puericultura da Faculdade de Ci\u00eancias M\u00e9dicas da Santa Casa de S\u00e3o Paulo e Chefe do Servi\u00e7o de Pneumologia Pedi\u00e1trica da Santa Casa de S\u00e3o Paulo.<\/p>\n<p>De acordo com o professor, esse fato acontece por haver um processo inflamat\u00f3rio que ocorre em toda a via a\u00e9rea (da ponta do nariz at\u00e9 o alv\u00e9olo). A inflama\u00e7\u00e3o leva a uma irrita\u00e7\u00e3o do br\u00f4nquio, conhecida como &#8220;hiperresponsividade&#8221;, com hipertrofia da musculatura, edema e ac\u00famulo de secre\u00e7\u00e3o.<\/p>\n<p>&#8220;Esta diminui\u00e7\u00e3o do calibre das vias a\u00e9reas faz com que o ar passe com dificuldade e o barulho do ar passando pelo br\u00f4nquio \u00e9 o chiado (sibilos) que escutamos&#8221;, afirma o Dr. Kiertsman.<\/p>\n<p>Principais cuidados<\/p>\n<p>No dia a dia, os pais devem ficar atentos ao ambiente em que a crian\u00e7a asm\u00e1tica vive. &#8220;\u00c9 importante afast\u00e1-la de fatores que podem desencadear a doen\u00e7a como: poeira, fuma\u00e7a de cigarro, pelo de animal, mudan\u00e7as bruscas de temperatura, estresse, al\u00e9m de odores fortes como aqueles de material de limpeza ou perfumes. Tamb\u00e9m \u00e9 preciso estar atento \u00e0s infec\u00e7\u00f5es virais, como os resfriados comuns&#8221;, informa o especialista.<\/p>\n<p>Por conta disso, \u00e9 necess\u00e1rio fazer uma boa higiene do ambiente para evitar o ac\u00famulo de poeira em cortinas, colchas e bichos de pel\u00facia. &#8220;Encapar colch\u00f5es e travesseiros, com capas imperme\u00e1veis ao \u00e1caro, evitar contatos com animais e fuma\u00e7a de cigarro \u00e9 essencial para a sa\u00fade da crian\u00e7a asm\u00e1tica&#8221;, enfatiza o m\u00e9dico.<\/p>\n<p>A asma n\u00e3o tem cura, mas \u00e9 poss\u00edvel control\u00e1-la. &#8220;Para evitar as crises \u00e9 fundamental, al\u00e9m da higiene, educa\u00e7\u00e3o e orienta\u00e7\u00e3o do paciente sobre a doen\u00e7a, realizar um acompanhamento m\u00e9dico adequado e, se necess\u00e1rio, instituir um tratamento profil\u00e1tico medicamentoso, com anti-inflamat\u00f3rios isolados ou associados a outras drogas&#8221;, finaliza o Dr. Kiertsman.<\/p>\n<p>Sobre a Faculdade de Ci\u00eancias M\u00e9dicas da Santa Casa de S\u00e3o Paulo: Tradicional Institui\u00e7\u00e3o de ensino em Medicina, com 50 anos de atividades, oferece tamb\u00e9m a gradua\u00e7\u00e3o em Enfermagem e em Fonoaudiologia, gradua\u00e7\u00e3o tecnol\u00f3gica em Radiologia e em Sistemas Biom\u00e9dicos, al\u00e9m de diversos cursos de P\u00f3s-Gradua\u00e7\u00e3o (especializa\u00e7\u00e3o lato sensu, Mestrado e Doutorado) e P\u00f3s-Doutorado. Em sua infraestrutura, apresenta importantes laborat\u00f3rios como o de Anatomia, Imunologia, Microbiologia, Farmacologia, Bioqu\u00edmica, T\u00e9cnica Cir\u00fargica, Fisiologia, Biologia Molecular, Cirurgia Experimental, Centro de Simuladores, al\u00e9m de ambulat\u00f3rios, enfermarias e Centros Cir\u00fargicos do Hospital Central da Santa Casa de S\u00e3o Paulo, conveniado com a Faculdade. Visite o site: .<\/p>\n","protected":false},"excerpt":{"rendered":"<p>A asma, caracterizada pela inflama\u00e7\u00e3o dos br\u00f4nquios que causa obstru\u00e7\u00e3o ao fluxo do ar, \u00e9 a doen\u00e7a cr\u00f4nica mais frequente na pediatria. Os sintomas s\u00e3o tosse, falta de ar, chiado e aperto no peito. &#8220;Entre as crian\u00e7as asm\u00e1ticas, cerca de 80% tamb\u00e9m t\u00eam rinite al\u00e9rgica. O que chamamos de doen\u00e7a da via a\u00e9rea \u00fanica&#8221;, afirma [&hellip;]<\/p>\n","protected":false},"author":2,"featured_media":57579,"comment_status":"open","ping_status":"closed","sticky":false,"template":"","format":"standard","meta":{"tdm_status":"","tdm_grid_status":"","footnotes":""},"categories":[22,5],"tags":[],"class_list":{"0":"post-58056","1":"post","2":"type-post","3":"status-publish","4":"format-standard","5":"has-post-thumbnail","7":"category-brasil","8":"category-saude-e-vida"},"_links":{"self":[{"href":"https:\/\/migracao.redenoticia.com.br\/noticia\/wp-json\/wp\/v2\/posts\/58056","targetHints":{"allow":["GET"]}}],"collection":[{"href":"https:\/\/migracao.redenoticia.com.br\/noticia\/wp-json\/wp\/v2\/posts"}],"about":[{"href":"https:\/\/migracao.redenoticia.com.br\/noticia\/wp-json\/wp\/v2\/types\/post"}],"author":[{"embeddable":true,"href":"https:\/\/migracao.redenoticia.com.br\/noticia\/wp-json\/wp\/v2\/users\/2"}],"replies":[{"embeddable":true,"href":"https:\/\/migracao.redenoticia.com.br\/noticia\/wp-json\/wp\/v2\/comments?post=58056"}],"version-history":[{"count":0,"href":"https:\/\/migracao.redenoticia.com.br\/noticia\/wp-json\/wp\/v2\/posts\/58056\/revisions"}],"wp:featuredmedia":[{"embeddable":true,"href":"https:\/\/migracao.redenoticia.com.br\/noticia\/wp-json\/wp\/v2\/media\/57579"}],"wp:attachment":[{"href":"https:\/\/migracao.redenoticia.com.br\/noticia\/wp-json\/wp\/v2\/media?parent=58056"}],"wp:term":[{"taxonomy":"category","embeddable":true,"href":"https:\/\/migracao.redenoticia.com.br\/noticia\/wp-json\/wp\/v2\/categories?post=58056"},{"taxonomy":"post_tag","embeddable":true,"href":"https:\/\/migracao.redenoticia.com.br\/noticia\/wp-json\/wp\/v2\/tags?post=58056"}],"curies":[{"name":"wp","href":"https:\/\/api.w.org\/{rel}","templated":true}]}}