{"id":5810,"date":"2009-07-19T10:33:11","date_gmt":"2009-07-19T14:33:11","guid":{"rendered":"http:\/\/www.redenoticia.com.br\/noticia\/?p=5810"},"modified":"2009-08-05T00:33:19","modified_gmt":"2009-08-05T04:33:19","slug":"producao-da-record-teve-que-entrar-na-fazenda-para-salvar-animal","status":"publish","type":"post","link":"https:\/\/migracao.redenoticia.com.br\/noticia\/2009\/producao-da-record-teve-que-entrar-na-fazenda-para-salvar-animal\/5810","title":{"rendered":"Produ\u00e7\u00e3o da Record teve que entrar na Fazenda para salvar animal"},"content":{"rendered":"<p style=\"margin: 0cm 2.85pt 0.0001pt; line-height: normal;\"><span style=\"font-size: 11pt; font-family: Arial;\"> <\/span><\/p>\n<p style=\"margin: 0cm 2.85pt 0.0001pt; line-height: normal;\"><span style=\"font-size: 11pt; font-family: Arial;\">Durante a festa do Preto e Branco, em A Fazenda da Record, os pe\u00f5es descobriram um p\u00e1ssaro que acabou por ficar preso dentro da casa. Foram in\u00fameras as tentativas para fazer a ave sair. Mas, assim mesmo, o empenho de Danni Carlos, Dado Dolabella, Pedro Leonardo, Jonathan Haagensen e Fabiana Alvarez foi in\u00fatil. <\/span><\/p>\n<p style=\"margin: 0cm 2.85pt 0.0001pt; line-height: normal;\"><span style=\"font-size: 11pt; font-family: Arial;\">Em tempos de apelos para prote\u00e7\u00e3o da Natureza, Jonathan e Pedro n\u00e3o foram nada ambientalistas. Johnny tentava espantar o bicho de dentro da casa com uma vassoura. J\u00e1 Pedro, queria usar um cobertor para golpear o animal.<\/span><\/p>\n<p style=\"margin: 0cm 2.85pt 0.0001pt; line-height: normal;\"><span style=\"font-size: 11pt; font-family: Arial;\">&#8220;N\u00e3o, assim n\u00e3o, Pedro. Assim pode machucar ele. Ele vai ficar estressado. Ele vai se sentir atacado, entendeu? Eu sei como \u00e9 psicologia animal, ele n\u00e3o vai mais confiar de vir pro ch\u00e3o!&#8221;, aconselhou Danni. <\/span><\/p>\n<p style=\"margin: 0cm 2.85pt 0.0001pt; line-height: normal;\"><span style=\"font-size: 11pt; font-family: Arial;\">&#8220;Se ele morasse aqui dentro, ele j\u00e1 estaria no ninho dele&#8221;, comentou Fabiana. &#8220;Mas ele n\u00e3o mora aqui dentro, ele entrou sem querer&#8221;, retrucou Dado Dolabella \u00e0 atriz, que completou: &#8220;Ent\u00e3o, mas ele n\u00e3o t\u00e1 conseguindo sair. Esse que \u00e9 o problema.&#8221;<\/span><\/p>\n<p style=\"margin: 0cm 2.85pt 0.0001pt; line-height: normal;\"><span style=\"font-size: 11pt; font-family: Arial;\">A roqueira Danni, ent\u00e3o, arrega\u00e7ou as mangas e partiu ao ataque. Ela tentou capturar o passarinho de v\u00e1rias formas: usando sua apurada psicologia animal numa conversa, assobiou para chamar a ave, quis peg\u00e1-la apenas com as m\u00e3os, usou uma toalha de mesa como rede e, por fim, fez um caminho com migalhas de p\u00e3es para indicar a porta de sa\u00edda. <\/span><\/p>\n<p style=\"margin: 0cm 2.85pt 0.0001pt; line-height: normal;\"><span style=\"font-size: 11pt; font-family: Arial;\">Nada deu certo! E, \u00e0 medida que as tentativas iam falhando, a caipira foi ficando mais e mais agoniada. &#8220;Cara, eu t\u00f4 com uma pena desse passarinho. N\u00e3o vou conseguir dormir&#8221;, Danni lamentou-se para Fabiana.<\/span><\/p>\n<p style=\"margin: 0cm 2.85pt 0.0001pt; line-height: normal;\"><span style=\"font-size: 11pt; font-family: Arial;\">Por fim, de tanto pedir, Danni conseguiu com que a produ\u00e7\u00e3o do reality show da RECORD se encarregasse de livrar o seu amigo alado. E ela foi dormir tranq\u00fcilamente.<\/span><\/p>\n","protected":false},"excerpt":{"rendered":"<p>Durante a festa do Preto e Branco, em A Fazenda da Record, os pe\u00f5es descobriram um p\u00e1ssaro que acabou por ficar preso dentro da casa. Foram in\u00fameras as tentativas para fazer a ave sair. Mas, assim mesmo, o empenho de Danni Carlos, Dado Dolabella, Pedro Leonardo, Jonathan Haagensen e Fabiana Alvarez foi in\u00fatil. Em tempos [&hellip;]<\/p>\n","protected":false},"author":3,"featured_media":0,"comment_status":"open","ping_status":"open","sticky":false,"template":"","format":"standard","meta":{"tdm_status":"","tdm_grid_status":"","footnotes":""},"categories":[22,343],"tags":[],"class_list":{"0":"post-5810","1":"post","2":"type-post","3":"status-publish","4":"format-standard","6":"category-brasil","7":"category-televisao"},"_links":{"self":[{"href":"https:\/\/migracao.redenoticia.com.br\/noticia\/wp-json\/wp\/v2\/posts\/5810","targetHints":{"allow":["GET"]}}],"collection":[{"href":"https:\/\/migracao.redenoticia.com.br\/noticia\/wp-json\/wp\/v2\/posts"}],"about":[{"href":"https:\/\/migracao.redenoticia.com.br\/noticia\/wp-json\/wp\/v2\/types\/post"}],"author":[{"embeddable":true,"href":"https:\/\/migracao.redenoticia.com.br\/noticia\/wp-json\/wp\/v2\/users\/3"}],"replies":[{"embeddable":true,"href":"https:\/\/migracao.redenoticia.com.br\/noticia\/wp-json\/wp\/v2\/comments?post=5810"}],"version-history":[{"count":0,"href":"https:\/\/migracao.redenoticia.com.br\/noticia\/wp-json\/wp\/v2\/posts\/5810\/revisions"}],"wp:attachment":[{"href":"https:\/\/migracao.redenoticia.com.br\/noticia\/wp-json\/wp\/v2\/media?parent=5810"}],"wp:term":[{"taxonomy":"category","embeddable":true,"href":"https:\/\/migracao.redenoticia.com.br\/noticia\/wp-json\/wp\/v2\/categories?post=5810"},{"taxonomy":"post_tag","embeddable":true,"href":"https:\/\/migracao.redenoticia.com.br\/noticia\/wp-json\/wp\/v2\/tags?post=5810"}],"curies":[{"name":"wp","href":"https:\/\/api.w.org\/{rel}","templated":true}]}}