{"id":5812,"date":"2009-07-19T10:38:26","date_gmt":"2009-07-19T14:38:26","guid":{"rendered":"http:\/\/www.redenoticia.com.br\/noticia\/?p=5812"},"modified":"2009-08-05T00:33:16","modified_gmt":"2009-08-05T04:33:16","slug":"record-libera-musica-de-latino-para-mirella-na-festa-da-fazenda","status":"publish","type":"post","link":"https:\/\/migracao.redenoticia.com.br\/noticia\/2009\/record-libera-musica-de-latino-para-mirella-na-festa-da-fazenda\/5812","title":{"rendered":"Record libera musica de Latino para Mirella na festa da Fazenda"},"content":{"rendered":"<p>00h59 &#8211; Latino e a sua &#8220;Festa no Ap\u00ea&#8221; fazem a felicidade de Mirella Santos na Fazenda da Record. A dan\u00e7arina, que \u00e9 mulher do cantor, saiu n\u00e3o se sabe bem de onde para a pista de dan\u00e7a, fez a coreografia da m\u00fasica, pulou sobre os sof\u00e1s que decoram a festa e extravasou. E ela fez \u201cbunda lel\u00ea\u201d e tudo&#8230;<\/p>\n<p>01h55 &#8211; Dado Dolabella e Jonathan, que estavam afastados do grupo, est\u00e3o na pista tamb\u00e9m. Claro que cada um est\u00e1 de um lado da pista&#8230; Os dois n\u00e3o est\u00e3o se falando&#8230;<\/p>\n<p>Mais um dia come\u00e7a na fazenda da Record e hoje Pedro acordou com saudade antecipada dos participantes que est\u00e3o no T\u00e1 na Ro\u00e7a. Depois de cumprirem suas tarefas matinais, os pe\u00f5es se encontraram na cozinha para o caf\u00e9 da manh\u00e3, e o cantor se mostrou muito sens\u00edvel.<\/p>\n<p>Ele olha para Mirella e diz: &#8220;Eu quero que voc\u00ea fa\u00e7a muito sucesso, desejo isso&#8221;. Depois mira Dado e completa: &#8220;E voc\u00ea tamb\u00e9m, S. Dado Dolabella&#8221;. Dado sorri e diz &#8220;P\u00f4, eu tamb\u00e9m&#8221;.<\/p>\n<p>Pedro continua: &#8220;Se &#8216;c\u00eas sa\u00edrem hoje, por favor, n\u00e3o v\u00e3o sumir l\u00e1 fora, da gente&#8221;. Mirella, espivitada, responde: &#8220;Depende, s\u00f3 de algumas pessoas&#8221;.<\/p>\n<p>Frases filos\u00f3ficas de Pedro<\/p>\n<p>09h00 &#8211; &#8220;Tem coisa melhor na vida do que comer?&#8221;, pergunta Pedro. Depois emenda: &#8220;Nos dois sentidos&#8221;. Dado ri.<\/p>\n<p>09h09 &#8211; Pedro pergunta para Carlinhos: &#8220;Sabe que horas que eu mais gosto de comer?&#8221;. &#8220;N\u00e3o&#8221;, responde o humorista. &#8220;A hora que tem comida&#8221;, completa brincalh\u00e3o.<\/p>\n<p>08h51 &#8211; Danni Carlos vai cuidar dos cavalos, enquanto pe\u00f5es ficam na cozinha comendo e conversando.<\/p>\n<p>TV Record<\/p>\n","protected":false},"excerpt":{"rendered":"<p>00h59 &#8211; Latino e a sua &#8220;Festa no Ap\u00ea&#8221; fazem a felicidade de Mirella Santos na Fazenda da Record. A dan\u00e7arina, que \u00e9 mulher do cantor, saiu n\u00e3o se sabe bem de onde para a pista de dan\u00e7a, fez a coreografia da m\u00fasica, pulou sobre os sof\u00e1s que decoram a festa e extravasou. E ela [&hellip;]<\/p>\n","protected":false},"author":3,"featured_media":0,"comment_status":"open","ping_status":"open","sticky":false,"template":"","format":"standard","meta":{"tdm_status":"","tdm_grid_status":"","footnotes":""},"categories":[22,343],"tags":[],"class_list":{"0":"post-5812","1":"post","2":"type-post","3":"status-publish","4":"format-standard","6":"category-brasil","7":"category-televisao"},"_links":{"self":[{"href":"https:\/\/migracao.redenoticia.com.br\/noticia\/wp-json\/wp\/v2\/posts\/5812","targetHints":{"allow":["GET"]}}],"collection":[{"href":"https:\/\/migracao.redenoticia.com.br\/noticia\/wp-json\/wp\/v2\/posts"}],"about":[{"href":"https:\/\/migracao.redenoticia.com.br\/noticia\/wp-json\/wp\/v2\/types\/post"}],"author":[{"embeddable":true,"href":"https:\/\/migracao.redenoticia.com.br\/noticia\/wp-json\/wp\/v2\/users\/3"}],"replies":[{"embeddable":true,"href":"https:\/\/migracao.redenoticia.com.br\/noticia\/wp-json\/wp\/v2\/comments?post=5812"}],"version-history":[{"count":0,"href":"https:\/\/migracao.redenoticia.com.br\/noticia\/wp-json\/wp\/v2\/posts\/5812\/revisions"}],"wp:attachment":[{"href":"https:\/\/migracao.redenoticia.com.br\/noticia\/wp-json\/wp\/v2\/media?parent=5812"}],"wp:term":[{"taxonomy":"category","embeddable":true,"href":"https:\/\/migracao.redenoticia.com.br\/noticia\/wp-json\/wp\/v2\/categories?post=5812"},{"taxonomy":"post_tag","embeddable":true,"href":"https:\/\/migracao.redenoticia.com.br\/noticia\/wp-json\/wp\/v2\/tags?post=5812"}],"curies":[{"name":"wp","href":"https:\/\/api.w.org\/{rel}","templated":true}]}}