{"id":5815,"date":"2009-07-19T10:49:47","date_gmt":"2009-07-19T14:49:47","guid":{"rendered":"http:\/\/www.redenoticia.com.br\/noticia\/?p=5815"},"modified":"2009-08-05T00:33:13","modified_gmt":"2009-08-05T04:33:13","slug":"animal-mascote-da-fazenda-da-record-nao-obedece-dado-dolabella","status":"publish","type":"post","link":"https:\/\/migracao.redenoticia.com.br\/noticia\/2009\/animal-mascote-da-fazenda-da-record-nao-obedece-dado-dolabella\/5815","title":{"rendered":"Animal mascote da Fazenda da Record n\u00e3o obedece Dado Dolabella"},"content":{"rendered":"<p style=\"margin: 0cm 2.85pt 0.0001pt; line-height: normal;\"><span style=\"font-size: 11pt; font-family: Arial;\">Assim que acordou na fazenda da Record, Dado Dolabella resolveu brincar um pouco com o cachorro Max no jardim. Sem nem tomar caf\u00e9, o ator se esmerou na tentativa de fazer o animal mascote rolar na grama. J\u00e1 faz dias que ele quer que o cachorro cumpra a tarefa. <\/span><\/p>\n<p style=\"margin: 0cm 2.85pt 0.0001pt; line-height: normal;\">\n<p style=\"margin: 0cm 2.85pt 0.0001pt; line-height: normal;\"><span style=\"font-size: 11pt; font-family: Arial;\">Desde que chegou na fazenda da Record, o animal se manteve pr\u00f3ximo de Dado Dolabella, e os dois viraram grandes companheiros. Mas isso n\u00e3o significa obedi\u00eancia por parte do levado c\u00e3ozinho! Hoje pela manh\u00e3 Max atendeu aos pedidos de sentar e at\u00e9 deitar no ch\u00e3o, mas quando Dado pediu que ele rolasse, o cachorro n\u00e3o se moveu. <\/span><\/p>\n<p style=\"margin: 0cm 2.85pt 0.0001pt; line-height: normal;\">\n<p style=\"margin: 0cm 2.85pt 0.0001pt; line-height: normal;\"><span style=\"font-size: 11pt; font-family: Arial;\">Com muita paci\u00eancia, Dado n\u00e3o desanimou. Mas pode ser que o ator deixe o confinamento sem atingir o objetivo de rolar Max na grama, j\u00e1 que hoje \u00e0 noite ele encara o T\u00e1 na Ro\u00e7a ao lado de Mirella e Jonathan. <\/span><\/p>\n<p style=\"margin: 0cm 2.85pt 0.0001pt; line-height: normal;\"><span style=\"font-size: 11pt; font-family: Arial;\">Dado Dolabella tem revelado bastante interesse em tratar e conviver com os animais do reality show A Fazenda da Record. E parece que a rec\u00edproca tem sido verdadeira. Enquanto Dado Dolabella ajustava a sela em Yasmin, a \u00e9gua permaneceu tranquila, deixando seu companheiro fazer o servi\u00e7o confiantemente.<\/span><\/p>\n<p style=\"margin: 0cm 2.85pt 0.0001pt; line-height: normal;\"><span style=\"font-size: 11pt; font-family: Arial;\"> <\/span><\/p>\n<p style=\"margin: 0cm 2.85pt 0.0001pt; line-height: normal;\">\n<p style=\"margin: 0cm 2.85pt 0.0001pt; line-height: normal;\"><span style=\"font-size: 11pt; font-family: Arial;\">TV Record <\/span><\/p>\n","protected":false},"excerpt":{"rendered":"<p>Assim que acordou na fazenda da Record, Dado Dolabella resolveu brincar um pouco com o cachorro Max no jardim. Sem nem tomar caf\u00e9, o ator se esmerou na tentativa de fazer o animal mascote rolar na grama. J\u00e1 faz dias que ele quer que o cachorro cumpra a tarefa. Desde que chegou na fazenda da [&hellip;]<\/p>\n","protected":false},"author":3,"featured_media":0,"comment_status":"open","ping_status":"open","sticky":false,"template":"","format":"standard","meta":{"tdm_status":"","tdm_grid_status":"","footnotes":""},"categories":[22,343],"tags":[],"class_list":{"0":"post-5815","1":"post","2":"type-post","3":"status-publish","4":"format-standard","6":"category-brasil","7":"category-televisao"},"_links":{"self":[{"href":"https:\/\/migracao.redenoticia.com.br\/noticia\/wp-json\/wp\/v2\/posts\/5815","targetHints":{"allow":["GET"]}}],"collection":[{"href":"https:\/\/migracao.redenoticia.com.br\/noticia\/wp-json\/wp\/v2\/posts"}],"about":[{"href":"https:\/\/migracao.redenoticia.com.br\/noticia\/wp-json\/wp\/v2\/types\/post"}],"author":[{"embeddable":true,"href":"https:\/\/migracao.redenoticia.com.br\/noticia\/wp-json\/wp\/v2\/users\/3"}],"replies":[{"embeddable":true,"href":"https:\/\/migracao.redenoticia.com.br\/noticia\/wp-json\/wp\/v2\/comments?post=5815"}],"version-history":[{"count":0,"href":"https:\/\/migracao.redenoticia.com.br\/noticia\/wp-json\/wp\/v2\/posts\/5815\/revisions"}],"wp:attachment":[{"href":"https:\/\/migracao.redenoticia.com.br\/noticia\/wp-json\/wp\/v2\/media?parent=5815"}],"wp:term":[{"taxonomy":"category","embeddable":true,"href":"https:\/\/migracao.redenoticia.com.br\/noticia\/wp-json\/wp\/v2\/categories?post=5815"},{"taxonomy":"post_tag","embeddable":true,"href":"https:\/\/migracao.redenoticia.com.br\/noticia\/wp-json\/wp\/v2\/tags?post=5815"}],"curies":[{"name":"wp","href":"https:\/\/api.w.org\/{rel}","templated":true}]}}