{"id":5818,"date":"2009-07-19T11:33:43","date_gmt":"2009-07-19T15:33:43","guid":{"rendered":"http:\/\/www.redenoticia.com.br\/noticia\/?p=5818"},"modified":"2009-07-27T02:06:56","modified_gmt":"2009-07-27T02:06:56","slug":"climatempo-alerta-que-%e2%80%9cintensa-onda-de-frio%e2%80%9d-atinge-o-brasil-e-chega-ate-rondonia-esta-semana","status":"publish","type":"post","link":"https:\/\/migracao.redenoticia.com.br\/noticia\/2009\/climatempo-alerta-que-%e2%80%9cintensa-onda-de-frio%e2%80%9d-atinge-o-brasil-e-chega-ate-rondonia-esta-semana\/5818","title":{"rendered":"Climatempo alerta que \u201cIntensa Onda de Frio\u201d atinge o Brasil e chega at\u00e9 Rond\u00f4nia esta semana"},"content":{"rendered":"<p>Uma frente fria est\u00e1 se afastando entre o litoral do Sudeste e do Nordeste e ainda provoca chuva fraca no Rio de Janeiro, no Esp\u00edrito Santo e no leste de Minas Gerais durante a segunda-feira. No sul da Bahia pode chover e ventar forte. No Sul, o predom\u00ednio \u00e9 de uma grande massa de ar seco, que deixa o tempo firme com sol e temperatura em eleva\u00e7\u00e3o. No entanto, um sistema de baixa press\u00e3o j\u00e1 come\u00e7a se intensificar na Argentina e provoca chuva \u00e0 noite na fronteira oeste do Rio Grande do Sul.<\/p>\n<p>Na ter\u00e7a-feira, come\u00e7aremos a observar uma front\u00f4genese, ou seja, a forma\u00e7\u00e3o de uma frente fria, no Sul do Pa\u00eds.<\/p>\n<p>O sistema de baixa press\u00e3o se aprofunda e \u00e0 noite tem seu centro, com press\u00e3o atmosf\u00e9rica de 944 hPa, na regi\u00e3o do estu\u00e1rio do Rio da Prata. As condi\u00e7\u00f5es s\u00e3o favor\u00e1veis a ocorr\u00eancia de chuva forte acompanhada de rajadas de vento entre a campanha ga\u00facha e o oeste paranaense.<\/p>\n<p>Na quarta-feira a frente fria, j\u00e1 associada a um ciclone extratropical, avan\u00e7a por Santa Catarina e tamb\u00e9m por Mato Grosso do Sul. As condi\u00e7\u00f5es s\u00e3o prop\u00edcias a ocorr\u00eancia de chuva e vento fortes em quase todo o Sul e em parte do Centro-Oeste. A \u00e1rea de baixa press\u00e3o, com centro de 976 hPa, se afasta em alto-mar, ao largo da costa da Argentina e provoca intensa agita\u00e7\u00e3o mar\u00edtima em alto-mar.<\/p>\n<p>Esta frente fria avan\u00e7a pelo interior do continente e for\u00e7a o vento a sopra do quadrante sul tamb\u00e9m no pantanal mato-grossense. A massa de ar polar que acompanha a frente fria tem forte intensidade e provoca acentuada queda de temperatura. Na quinta-feira, o sistema frontal avan\u00e7a, bem organizado, pelo Sudeste e pelo Centro-Oeste e aumenta as condi\u00e7\u00f5es de chuva nestas Regi\u00f5es. O ar polar ganha for\u00e7a no Sul e provoca geada no interior do Rio Grande do Sul.<\/p>\n<p>Na <span style=\"text-decoration: underline;\">sexta-feira<\/span>, a frente fria avan\u00e7a ainda mais e chega at\u00e9 o sul da Amaz\u00f4nia, provocando acentuada queda de temperatura em <strong>Rond\u00f4nia e no Acre<\/strong>. A temperatura cai bastante tamb\u00e9m em Mato Grosso, em Mato Grosso do Sul e ainda mais nos Estados do Sul.<\/p>\n<p>O centro de alta press\u00e3o (massa de ar polar) que avan\u00e7a pelo norte da Argentina promove a ocorr\u00eancia de geada em quase todo o interior da Regi\u00e3o Sul, inclusive na Grande Porto Alegre. A frente fria provoca chuva forte com rajadas de vento no Rio de Janeiro, no centro-sul de Minas e no sul de Goi\u00e1s. No s\u00e1bado, ainda faz bastante frio no Sul e h\u00e1 condi\u00e7\u00f5es de geada em grande parte das \u00e1reas, exceto no litoral. O frio \u00e9 intenso tamb\u00e9m em Mato Grosso do Sul. A instabilidade persiste e chove em quase todo o Sudeste e no centro-sul de Goi\u00e1s. A temperatura fica baixa. O dia come\u00e7a bastante frio no pantanal mato-grossense e no <strong>sul de Rond\u00f4nia<\/strong>. O mar fica agitado nas praias do Sul e do Sudeste<\/p>\n<p>Fonte Climatempo<\/p>\n<p>Sobre o Grupo Climatempo<br \/>\nO Grupo Climatempo \u00e9 a maior empresa privada de meteorologia do pa\u00eds. Uma holding formada pela Climatempo Consultoria, Ag\u00eancia Climatempo, a TV Climatempo e a CLIMANET (Internet, servi\u00e7os de tecnologia e inform\u00e1tica). Atualmente, o Grupo Climatempo fornece conte\u00fado para os principais portais do pa\u00eds, mais de 50 retransmissoras de televis\u00e3o do Brasil, r\u00e1dios e tem cerca de mil clientes. Os dois principais segmentos atendidos s\u00e3o o de agroneg\u00f3cios e meios de comunica\u00e7\u00e3o. Al\u00e9m destes, fornece conte\u00fado meteorol\u00f3gico estrat\u00e9gico para produtoras, a ind\u00fastria eletroeletr\u00f4nica e t\u00eaxtil, com\u00e9rcio, moda e turismo, constru\u00e7\u00e3o civil, setor de energia, entre outros setores.<br \/>\nO Grupo \u00e9 presidido pelo meteorologista Carlos Magno, um dos primeiros comunicadores da profiss\u00e3o no Pa\u00eds, com mais de 23 anos de carreira, que ajudou a mudar a cultura que o brasileiro tinha sobre a meteorologia. O Grupo Climatempo conta ainda com Ana L\u00facia Frony vice-presidente, Renato Urbinder, s\u00f3cio-diretor (Diretor de Neg\u00f3cios e Projetos Especiais), e os diretores executivos Gilca Palma (Climatempo Meteorologia), Andr\u00e9 Madeira (Ag\u00eancia Climatempo) e o jornalista Paulo Polli (TV Climatempo) no Conselho Consultivo.<\/p>\n","protected":false},"excerpt":{"rendered":"<p>Uma frente fria est\u00e1 se afastando entre o litoral do Sudeste e do Nordeste e ainda provoca chuva fraca no Rio de Janeiro, no Esp\u00edrito Santo e no leste de Minas Gerais durante a segunda-feira. No sul da Bahia pode chover e ventar forte. No Sul, o predom\u00ednio \u00e9 de uma grande massa de ar [&hellip;]<\/p>\n","protected":false},"author":3,"featured_media":0,"comment_status":"open","ping_status":"open","sticky":false,"template":"","format":"standard","meta":{"tdm_status":"","tdm_grid_status":"","footnotes":""},"categories":[22,327],"tags":[],"class_list":{"0":"post-5818","1":"post","2":"type-post","3":"status-publish","4":"format-standard","6":"category-brasil","7":"category-clima"},"_links":{"self":[{"href":"https:\/\/migracao.redenoticia.com.br\/noticia\/wp-json\/wp\/v2\/posts\/5818","targetHints":{"allow":["GET"]}}],"collection":[{"href":"https:\/\/migracao.redenoticia.com.br\/noticia\/wp-json\/wp\/v2\/posts"}],"about":[{"href":"https:\/\/migracao.redenoticia.com.br\/noticia\/wp-json\/wp\/v2\/types\/post"}],"author":[{"embeddable":true,"href":"https:\/\/migracao.redenoticia.com.br\/noticia\/wp-json\/wp\/v2\/users\/3"}],"replies":[{"embeddable":true,"href":"https:\/\/migracao.redenoticia.com.br\/noticia\/wp-json\/wp\/v2\/comments?post=5818"}],"version-history":[{"count":0,"href":"https:\/\/migracao.redenoticia.com.br\/noticia\/wp-json\/wp\/v2\/posts\/5818\/revisions"}],"wp:attachment":[{"href":"https:\/\/migracao.redenoticia.com.br\/noticia\/wp-json\/wp\/v2\/media?parent=5818"}],"wp:term":[{"taxonomy":"category","embeddable":true,"href":"https:\/\/migracao.redenoticia.com.br\/noticia\/wp-json\/wp\/v2\/categories?post=5818"},{"taxonomy":"post_tag","embeddable":true,"href":"https:\/\/migracao.redenoticia.com.br\/noticia\/wp-json\/wp\/v2\/tags?post=5818"}],"curies":[{"name":"wp","href":"https:\/\/api.w.org\/{rel}","templated":true}]}}