{"id":5823,"date":"2009-07-19T17:42:00","date_gmt":"2009-07-19T21:42:00","guid":{"rendered":"http:\/\/www.redenoticia.com.br\/noticia\/?p=5823"},"modified":"2009-07-19T17:42:00","modified_gmt":"2009-07-19T21:42:00","slug":"agenda-de-encontros-indigenas-em-ji-parana","status":"publish","type":"post","link":"https:\/\/migracao.redenoticia.com.br\/noticia\/2009\/agenda-de-encontros-indigenas-em-ji-parana\/5823","title":{"rendered":"Agenda de encontros ind\u00edgenas em Ji-Paran\u00e1"},"content":{"rendered":"<p>De 20 a 25 de julho acontece a I Confer\u00eancia Regional de Educa\u00e7\u00e3o Escolar Ind\u00edgena em Ji-Paran\u00e1. A confer\u00eancia ser\u00e1 realizada no CENTRER, BR 364, e dever\u00e1 reunir lideran\u00e7as, estudantes, professores e representa\u00e7\u00f5es comunit\u00e1rias dos povos ind\u00edgenas para discutir amplamente as condi\u00e7\u00f5es de oferta da educa\u00e7\u00e3o intercultural ind\u00edgena, buscando aperfei\u00e7oar as bases das pol\u00edticas e a gest\u00e3o de programas e a\u00e7\u00f5es para o tratamento qualificado e efetivo da sociodiversidade ind\u00edgena, com participa\u00e7\u00e3o social.<\/p>\n<p>As Confer\u00eancias Regionais est\u00e3o sendo realizadas em todo o Brasil e s\u00e3o espa\u00e7os para que representantes dos povos ind\u00edgenas, dirigentes e gestores dos Sistemas de Ensino, Universidades, FUNAI , entidades da sociedade civil e demais institui\u00e7\u00f5es reflitam e debatam a situa\u00e7\u00e3o atual da oferta da educa\u00e7\u00e3o escolar ind\u00edgena e proponham encaminhamentos para a supera\u00e7\u00e3o de in\u00fameros desafios.<\/p>\n<p>As propostas definidas nas Confer\u00eancias Regionais ser\u00e3o encaminhadas para a \u00a0Confer\u00eancia Nacional. A partir das reflex\u00f5es e discuss\u00f5es das etapas locais e regionais, os Delegados e Delegadas devem ter um conjunto de compromissos compartilhados para orientar a a\u00e7\u00e3o institucional para o desenvolvimento da Educa\u00e7\u00e3o Escolar Ind\u00edgena.<\/p>\n<p>Outro evento importante organizado em Ji-Paran\u00e1 ser\u00e1 o Encontro de Paj\u00e9s, que acontecer\u00e1 na aldeia Paj Gap, de 30 de Julho a 02 de Agosto.<\/p>\n","protected":false},"excerpt":{"rendered":"<p>De 20 a 25 de julho acontece a I Confer\u00eancia Regional de Educa\u00e7\u00e3o Escolar Ind\u00edgena em Ji-Paran\u00e1. A confer\u00eancia ser\u00e1 realizada no CENTRER, BR 364, e dever\u00e1 reunir lideran\u00e7as, estudantes, professores e representa\u00e7\u00f5es comunit\u00e1rias dos povos ind\u00edgenas para discutir amplamente as condi\u00e7\u00f5es de oferta da educa\u00e7\u00e3o intercultural ind\u00edgena, buscando aperfei\u00e7oar as bases das pol\u00edticas e [&hellip;]<\/p>\n","protected":false},"author":3,"featured_media":0,"comment_status":"open","ping_status":"open","sticky":false,"template":"","format":"standard","meta":{"tdm_status":"","tdm_grid_status":"","footnotes":""},"categories":[22],"tags":[],"class_list":{"0":"post-5823","1":"post","2":"type-post","3":"status-publish","4":"format-standard","6":"category-brasil"},"_links":{"self":[{"href":"https:\/\/migracao.redenoticia.com.br\/noticia\/wp-json\/wp\/v2\/posts\/5823","targetHints":{"allow":["GET"]}}],"collection":[{"href":"https:\/\/migracao.redenoticia.com.br\/noticia\/wp-json\/wp\/v2\/posts"}],"about":[{"href":"https:\/\/migracao.redenoticia.com.br\/noticia\/wp-json\/wp\/v2\/types\/post"}],"author":[{"embeddable":true,"href":"https:\/\/migracao.redenoticia.com.br\/noticia\/wp-json\/wp\/v2\/users\/3"}],"replies":[{"embeddable":true,"href":"https:\/\/migracao.redenoticia.com.br\/noticia\/wp-json\/wp\/v2\/comments?post=5823"}],"version-history":[{"count":0,"href":"https:\/\/migracao.redenoticia.com.br\/noticia\/wp-json\/wp\/v2\/posts\/5823\/revisions"}],"wp:attachment":[{"href":"https:\/\/migracao.redenoticia.com.br\/noticia\/wp-json\/wp\/v2\/media?parent=5823"}],"wp:term":[{"taxonomy":"category","embeddable":true,"href":"https:\/\/migracao.redenoticia.com.br\/noticia\/wp-json\/wp\/v2\/categories?post=5823"},{"taxonomy":"post_tag","embeddable":true,"href":"https:\/\/migracao.redenoticia.com.br\/noticia\/wp-json\/wp\/v2\/tags?post=5823"}],"curies":[{"name":"wp","href":"https:\/\/api.w.org\/{rel}","templated":true}]}}