{"id":58363,"date":"2014-08-14T15:09:02","date_gmt":"2014-08-14T18:09:02","guid":{"rendered":"http:\/\/www.redenoticia.com.br\/noticia\/?p=58363"},"modified":"2014-08-14T15:09:02","modified_gmt":"2014-08-14T18:09:02","slug":"turismo-reforca-a-promocao-do-brasil","status":"publish","type":"post","link":"https:\/\/migracao.redenoticia.com.br\/noticia\/2014\/turismo-reforca-a-promocao-do-brasil\/58363","title":{"rendered":"Turismo refor\u00e7a a promo\u00e7\u00e3o do Brasil"},"content":{"rendered":"<p>A participa\u00e7\u00e3o do Minist\u00e9rio do Turismo no 18\u00aa AVIRRP \u2013 Encontro Nacional das Ag\u00eancias de Viagem de Ribeir\u00e3o Preto e Regi\u00e3o, de 15 a 16 de agosto, ter\u00e1 como foco o apoio \u00e0 comercializa\u00e7\u00e3o de destinos nacionais. Agentes de turismo e 143 expositores ter\u00e3o a chance de fechar neg\u00f3cios para incrementar o <em><strong>turismo dom\u00e9stico brasileiro<\/strong><\/em> no centro de Eventos Taiwan, em Ribeir\u00e3o Preto (SP).<\/p>\n<p>Logo na entrada, os agentes receber\u00e3o uma revista com informa\u00e7\u00f5es e imagens de todas as regi\u00f5es do Brasil e ser\u00e3o estimulados a postar nas redes sociais conte\u00fados que reforcem a satisfa\u00e7\u00e3o de trabalhar com o turismo interno.<\/p>\n<p>No estande do MTur quinze pain\u00e9is fotogr\u00e1ficos de destinos tur\u00edsticos nacionais estar\u00e3o dispon\u00edveis para fotos. \u201cEstamos inaugurando no Minist\u00e9rio do Turismo uma nova forma de fazer promo\u00e7\u00e3o, mais focada no apoio \u00e0 comercializa\u00e7\u00e3o de viagens dom\u00e9sticas\u201d, disse a diretora do Departamento de Marketing Nacional do MTur, Luciana Paiva Fernandes. O estando ter\u00e1 240 m\u00b2.<\/p>\n<p>Tamb\u00e9m foi criada uma sala de capacita\u00e7\u00e3o do Minist\u00e9rio do Turismo, onde haver\u00e1 palestras, com temas como a tecnologia da informa\u00e7\u00e3o e a aprendizagem nas ag\u00eancias de viagens, al\u00e9m da import\u00e2ncia da recomenda\u00e7\u00e3o na venda em turismo. Para consult\u00e1-las\u00a0<span style=\"color: #666666;\">clique\u00a0<\/span><span style=\"color: #666666;\">.<\/span><\/p>\n<p>Durante a feira tamb\u00e9m ser\u00e1 divulgada a campanha #PartiuBrasil, de incentivo a viagens pelo pa\u00eds. Volunt\u00e1rios estar\u00e3o segurando placas com mensagens como \u201cOrgulho de vender Brasil\u201d, \u201cO Brasil \u00e9 o meu destino favorito\u201d e \u201cBrasil: eu recomendo\u201d, dispon\u00edveis para fotos. Representantes de todas as regi\u00f5es do pa\u00eds participam da feira.<\/p>\n<p>A abertura ter\u00e1 a presen\u00e7a do secret\u00e1rio-executivo, Alberto Alves, e do secret\u00e1rio Nacional de Pol\u00edticas de Turismo do MTur, Vin\u00edcius Lummertz, \u00e0s 10h30. O ministro do Turismo, Vinicius Lages, concede entrevista coletiva \u00e0 imprensa \u00e0s 15 horas. No s\u00e1bado (16), Lages participa de uma reuni\u00e3o \u00e0s 16h30 com a Associa\u00e7\u00e3o Nacional dos Secret\u00e1rios e Dirigentes Municipais de Turismo. Na \u00faltima edi\u00e7\u00e3o, cerca de quatro mil profissionais visitaram a feira.<\/p>\n","protected":false},"excerpt":{"rendered":"<p>A participa\u00e7\u00e3o do Minist\u00e9rio do Turismo no 18\u00aa AVIRRP \u2013 Encontro Nacional das Ag\u00eancias de Viagem de Ribeir\u00e3o Preto e Regi\u00e3o, de 15 a 16 de agosto, ter\u00e1 como foco o apoio \u00e0 comercializa\u00e7\u00e3o de destinos nacionais. Agentes de turismo e 143 expositores ter\u00e3o a chance de fechar neg\u00f3cios para incrementar o turismo dom\u00e9stico brasileiro [&hellip;]<\/p>\n","protected":false},"author":2,"featured_media":39993,"comment_status":"open","ping_status":"closed","sticky":false,"template":"","format":"standard","meta":{"tdm_status":"","tdm_grid_status":"","footnotes":""},"categories":[22],"tags":[],"class_list":{"0":"post-58363","1":"post","2":"type-post","3":"status-publish","4":"format-standard","5":"has-post-thumbnail","7":"category-brasil"},"_links":{"self":[{"href":"https:\/\/migracao.redenoticia.com.br\/noticia\/wp-json\/wp\/v2\/posts\/58363","targetHints":{"allow":["GET"]}}],"collection":[{"href":"https:\/\/migracao.redenoticia.com.br\/noticia\/wp-json\/wp\/v2\/posts"}],"about":[{"href":"https:\/\/migracao.redenoticia.com.br\/noticia\/wp-json\/wp\/v2\/types\/post"}],"author":[{"embeddable":true,"href":"https:\/\/migracao.redenoticia.com.br\/noticia\/wp-json\/wp\/v2\/users\/2"}],"replies":[{"embeddable":true,"href":"https:\/\/migracao.redenoticia.com.br\/noticia\/wp-json\/wp\/v2\/comments?post=58363"}],"version-history":[{"count":0,"href":"https:\/\/migracao.redenoticia.com.br\/noticia\/wp-json\/wp\/v2\/posts\/58363\/revisions"}],"wp:featuredmedia":[{"embeddable":true,"href":"https:\/\/migracao.redenoticia.com.br\/noticia\/wp-json\/wp\/v2\/media\/39993"}],"wp:attachment":[{"href":"https:\/\/migracao.redenoticia.com.br\/noticia\/wp-json\/wp\/v2\/media?parent=58363"}],"wp:term":[{"taxonomy":"category","embeddable":true,"href":"https:\/\/migracao.redenoticia.com.br\/noticia\/wp-json\/wp\/v2\/categories?post=58363"},{"taxonomy":"post_tag","embeddable":true,"href":"https:\/\/migracao.redenoticia.com.br\/noticia\/wp-json\/wp\/v2\/tags?post=58363"}],"curies":[{"name":"wp","href":"https:\/\/api.w.org\/{rel}","templated":true}]}}