{"id":5848,"date":"2009-07-20T11:14:27","date_gmt":"2009-07-20T15:14:27","guid":{"rendered":"http:\/\/www.redenoticia.com.br\/noticia\/?p=5848"},"modified":"2009-07-20T11:14:27","modified_gmt":"2009-07-20T15:14:27","slug":"previsao-do-tempo-alerta-que-ventos-podem-chegar-a-100kmh-no-sul-do-brasil","status":"publish","type":"post","link":"https:\/\/migracao.redenoticia.com.br\/noticia\/2009\/previsao-do-tempo-alerta-que-ventos-podem-chegar-a-100kmh-no-sul-do-brasil\/5848","title":{"rendered":"Previs\u00e3o do tempo alerta que ventos podem chegar a 100km\/h no Sul do Brasil"},"content":{"rendered":"<p><strong> <\/strong><\/p>\n<p>A semana come\u00e7a com tempo seco e sol entre nuvens em boa parte da Regi\u00e3o Sul. Segundo os meteorologistas da Somar, as chuvas fracas e isoladas atingem apenas o oeste do Rio Grande do Sul, por conta da chegada de uma nova frente fria, e o litoral norte de Santa Catarina e do Paran\u00e1, por conta dos ventos \u00famidos que sopram do mar. Al\u00e9m disso, o dia segue frio em boa parte dos tr\u00eas Estados e a m\u00e1xima n\u00e3o passa dos 20\u00b0C. Nesta ter\u00e7a-feira, a frente fria avan\u00e7a rapidamente pela Regi\u00e3o e provoca pancadas de chuva e trovoadas no sudoeste do Paran\u00e1, oeste de Santa Catarina e em boa parte do Rio Grande do Sul. Apesar do baixo acumulado, alertam-se para ventos intensos, com mais de 100km\/h no Rio Grande do Sul e no oeste de Santa Catarina e do Paran\u00e1. Al\u00e9m dos ventos, h\u00e1 possibilidade de queda de granizo no oeste ga\u00facho. Por conta dos fortes ventos que sopram de norte, a temperatura dispara e chega a 25\u00b0C no leste e centro do Rio Grande do Sul e no noroeste do Paran\u00e1 e a 22\u00b0C no oeste de Santa Catarina.<\/p>\n<p>Na quarta-feira (22) a frente fria provoca chuvas generalizadas na maior parte do Paran\u00e1 e de Santa Catarina e no norte do Rio Grande do Sul. Mais uma vez, esperam-se ventos de mais de 100km\/h no oeste do Paran\u00e1, no oeste e sul de Santa Catarina e no nordeste do Rio Grande do Sul. A temperatura m\u00e1xima volta a cair e n\u00e3o passa dos 10\u00b0C no norte do Rio Grande do Sul e meio oeste de Santa Catarina. Apenas no leste e norte do Paran\u00e1, ainda faz calor, com m\u00e1xima de mais de 26\u00b0C em algumas localidades. Na quinta-feira (23) a previs\u00e3o \u00e9 de chuvas generalizadas no centro e norte de Santa Catarina e em boa parte do Paran\u00e1. A temperatura m\u00ednima despenca e varia entre 0\u00b0C e 2\u00b0C no centro, oeste e sul do Rio Grande do Sul, onde h\u00e1 previs\u00e3o de geadas. A m\u00e1xima tamb\u00e9m continua caindo e n\u00e3o passa dos 10\u00b0C no oeste e sul do Paran\u00e1 e centro de Santa Catarina.<\/p>\n<p>Na sexta-feira (24) a frente fria causa chuvas mais fracas no centro, leste e norte do Paran\u00e1 e norte de Santa Catarina. O frio aumenta ainda mais e esperam-se m\u00ednimas negativas e geadas amplas no interior do Rio Grande do Sul e centro de Santa Catarina. No sul e sudoeste do Paran\u00e1, a m\u00ednima varia entre 0\u00b0C e 2\u00b0C, tamb\u00e9m com forma\u00e7\u00e3o de geadas. A m\u00e1xima n\u00e3o passa dos 7\u00b0C no sul e norte do Rio Grande do Sul e Serra de Santa Catarina e dos 10\u00b0C no leste, sul e sudoeste do Paran\u00e1. Os modelos de previs\u00e3o indicam que o frio ser\u00e1 ainda mais intenso no s\u00e1bado (25) e a m\u00ednima chega a valor inferior a -4\u00b0C na serra do Rio Grande do Sul, -1\u00b0C e -3\u00b0C no interior ga\u00facho e em boa parte de Santa Catarina e entre 0\u00b0C e 3\u00b0C no oeste e sul do Paran\u00e1, com geadas amplas em todas as localidades citadas. A m\u00e1xima tamb\u00e9m permanece baixa e n\u00e3o dever\u00e1 passar dos 10\u00b0C em boa parte dos tr\u00eas Estados da Regi\u00e3o.<\/p>\n","protected":false},"excerpt":{"rendered":"<p>A semana come\u00e7a com tempo seco e sol entre nuvens em boa parte da Regi\u00e3o Sul. Segundo os meteorologistas da Somar, as chuvas fracas e isoladas atingem apenas o oeste do Rio Grande do Sul, por conta da chegada de uma nova frente fria, e o litoral norte de Santa Catarina e do Paran\u00e1, por [&hellip;]<\/p>\n","protected":false},"author":3,"featured_media":0,"comment_status":"open","ping_status":"open","sticky":false,"template":"","format":"standard","meta":{"tdm_status":"","tdm_grid_status":"","footnotes":""},"categories":[22],"tags":[],"class_list":{"0":"post-5848","1":"post","2":"type-post","3":"status-publish","4":"format-standard","6":"category-brasil"},"_links":{"self":[{"href":"https:\/\/migracao.redenoticia.com.br\/noticia\/wp-json\/wp\/v2\/posts\/5848","targetHints":{"allow":["GET"]}}],"collection":[{"href":"https:\/\/migracao.redenoticia.com.br\/noticia\/wp-json\/wp\/v2\/posts"}],"about":[{"href":"https:\/\/migracao.redenoticia.com.br\/noticia\/wp-json\/wp\/v2\/types\/post"}],"author":[{"embeddable":true,"href":"https:\/\/migracao.redenoticia.com.br\/noticia\/wp-json\/wp\/v2\/users\/3"}],"replies":[{"embeddable":true,"href":"https:\/\/migracao.redenoticia.com.br\/noticia\/wp-json\/wp\/v2\/comments?post=5848"}],"version-history":[{"count":0,"href":"https:\/\/migracao.redenoticia.com.br\/noticia\/wp-json\/wp\/v2\/posts\/5848\/revisions"}],"wp:attachment":[{"href":"https:\/\/migracao.redenoticia.com.br\/noticia\/wp-json\/wp\/v2\/media?parent=5848"}],"wp:term":[{"taxonomy":"category","embeddable":true,"href":"https:\/\/migracao.redenoticia.com.br\/noticia\/wp-json\/wp\/v2\/categories?post=5848"},{"taxonomy":"post_tag","embeddable":true,"href":"https:\/\/migracao.redenoticia.com.br\/noticia\/wp-json\/wp\/v2\/tags?post=5848"}],"curies":[{"name":"wp","href":"https:\/\/api.w.org\/{rel}","templated":true}]}}