{"id":5850,"date":"2009-07-20T11:19:54","date_gmt":"2009-07-20T15:19:54","guid":{"rendered":"http:\/\/www.redenoticia.com.br\/noticia\/?p=5850"},"modified":"2009-07-20T11:19:54","modified_gmt":"2009-07-20T15:19:54","slug":"previsao-do-tempo-indica-que-sensacao-de-frio-predomina-no-rio-de-janeiro-hoje","status":"publish","type":"post","link":"https:\/\/migracao.redenoticia.com.br\/noticia\/2009\/previsao-do-tempo-indica-que-sensacao-de-frio-predomina-no-rio-de-janeiro-hoje\/5850","title":{"rendered":"Previs\u00e3o do tempo indica que sensa\u00e7\u00e3o de frio predomina no Rio de Janeiro hoje"},"content":{"rendered":"<p>A frente fria que passou ontem pelo Rio de Janeiro j\u00e1 est\u00e1 na altura do Esp\u00edrito Santo, mas o Estado fluminense est\u00e1 sob a influ\u00eancia dos ventos \u00famidos do mar que al\u00e9m de gerar nebulosidade, favorecem tamb\u00e9m a ocorr\u00eancia de chuviscos na faixa litor\u00e2nea. Ao longo do dia, as temperaturas n\u00e3o sobem muito e a m\u00e1xima prevista para hoje \u00e9 de apenas 22\u00b0C na Capital e 24\u00b0C no norte do Estado.<\/p>\n<p>No decorrer da manh\u00e3 de ter\u00e7a-feira os ventos enfraquecem e a quantidade de nuvens diminui no sul do Estado, elevando as temperaturas no decorrer do dia. J\u00e1 o norte, Lagos e Serra permanecem com nuvens e temperatura baixa. Na Capital, o dia amanhece com tempo bem fechado, mas no final da manh\u00e3 ocorrem per\u00edodos de melhoria e algumas aberturas de sol. Os term\u00f4metros oscilam ente m\u00ednima de 16\u00b0C e m\u00e1xima de 23\u00b0C na cidade do Rio de Janeiro.<\/p>\n<p>Na quarta-feira a previs\u00e3o \u00e9 de muitas nuvens ao amanhecer, mas aos poucos o tempo abre e o sol volta a brilhar em todo o Estado. A temperatura sobe e a tarde fica mais quente do que nos \u00faltimos dias. A m\u00e1xima chega a 28\u00b0 no litoral sul e Baixada e a 25\u00b0C na Capital.<\/p>\n","protected":false},"excerpt":{"rendered":"<p>A frente fria que passou ontem pelo Rio de Janeiro j\u00e1 est\u00e1 na altura do Esp\u00edrito Santo, mas o Estado fluminense est\u00e1 sob a influ\u00eancia dos ventos \u00famidos do mar que al\u00e9m de gerar nebulosidade, favorecem tamb\u00e9m a ocorr\u00eancia de chuviscos na faixa litor\u00e2nea. Ao longo do dia, as temperaturas n\u00e3o sobem muito e a [&hellip;]<\/p>\n","protected":false},"author":3,"featured_media":0,"comment_status":"open","ping_status":"open","sticky":false,"template":"","format":"standard","meta":{"tdm_status":"","tdm_grid_status":"","footnotes":""},"categories":[22],"tags":[],"class_list":{"0":"post-5850","1":"post","2":"type-post","3":"status-publish","4":"format-standard","6":"category-brasil"},"_links":{"self":[{"href":"https:\/\/migracao.redenoticia.com.br\/noticia\/wp-json\/wp\/v2\/posts\/5850","targetHints":{"allow":["GET"]}}],"collection":[{"href":"https:\/\/migracao.redenoticia.com.br\/noticia\/wp-json\/wp\/v2\/posts"}],"about":[{"href":"https:\/\/migracao.redenoticia.com.br\/noticia\/wp-json\/wp\/v2\/types\/post"}],"author":[{"embeddable":true,"href":"https:\/\/migracao.redenoticia.com.br\/noticia\/wp-json\/wp\/v2\/users\/3"}],"replies":[{"embeddable":true,"href":"https:\/\/migracao.redenoticia.com.br\/noticia\/wp-json\/wp\/v2\/comments?post=5850"}],"version-history":[{"count":0,"href":"https:\/\/migracao.redenoticia.com.br\/noticia\/wp-json\/wp\/v2\/posts\/5850\/revisions"}],"wp:attachment":[{"href":"https:\/\/migracao.redenoticia.com.br\/noticia\/wp-json\/wp\/v2\/media?parent=5850"}],"wp:term":[{"taxonomy":"category","embeddable":true,"href":"https:\/\/migracao.redenoticia.com.br\/noticia\/wp-json\/wp\/v2\/categories?post=5850"},{"taxonomy":"post_tag","embeddable":true,"href":"https:\/\/migracao.redenoticia.com.br\/noticia\/wp-json\/wp\/v2\/tags?post=5850"}],"curies":[{"name":"wp","href":"https:\/\/api.w.org\/{rel}","templated":true}]}}