{"id":58512,"date":"2014-08-18T15:32:49","date_gmt":"2014-08-18T18:32:49","guid":{"rendered":"http:\/\/www.redenoticia.com.br\/noticia\/?p=58512"},"modified":"2014-08-18T15:32:49","modified_gmt":"2014-08-18T18:32:49","slug":"treze-estados-comecam-a-vacinar-contra-a-hepatite-a","status":"publish","type":"post","link":"https:\/\/migracao.redenoticia.com.br\/noticia\/2014\/treze-estados-comecam-a-vacinar-contra-a-hepatite-a\/58512","title":{"rendered":"Treze estados come\u00e7am a vacinar contra a hepatite A"},"content":{"rendered":"<p> Neste m\u00eas, 13 estados est\u00e3o come\u00e7ando a <strong><em>vacinar<\/em><\/strong> as crian\u00e7as de 1 ano completo at\u00e9 2 anos incompletos contra a hepatite A. O Amap\u00e1, Amazonas, a Bahia, Mato Grosso do Sul, Mato Grosso, o Par\u00e1, a Para\u00edba, o Rio de Janeiro, Rio Grande do Norte, Rio Grande do Sul, Santa Catarina, Sergipe e o Tocantins t\u00eam a meta de, juntos, imunizar 1,1 milh\u00e3o de crian\u00e7as em um ano.<\/p>\n<p>O Minist\u00e9rio da Sa\u00fade incluiu, no fim de julho, a vacina no calend\u00e1rio nacional de imuniza\u00e7\u00e3o do Sistema \u00danico de Sa\u00fade, por\u00e9m, os estados t\u00eam autonomia para decidir quando come\u00e7am a vacinar.  Segundo o Minist\u00e9rio da Sa\u00fade, todos os estados receberam as vacinas, que inicialmente ser\u00e3o aplicadas em dose \u00fanica, com monitoramento para identificar a necessidade de uma segunda dose.<\/p>\n<p>A hepatite A normalmente \u00e9 benigna e raramente apresenta uma forma grave. No Brasil, o Minist\u00e9rio da Sa\u00fade estima que ocorram por ano 130 novos casos a cada 100 mil habitantes.<\/p>\n<p>A dissemina\u00e7\u00e3o da doen\u00e7a costuma estar relacionada a condi\u00e7\u00f5es de higiene, pois \u00e9 ela \u00e9 transmitida principalmente pelo contato com fezes contaminadas. Muitas veze,s esse contato se d\u00e1 de forma indireta, pela \u00e1gua e por alimentos. O contato com pessoas contaminadas tamb\u00e9m pode causar a transmiss\u00e3o.<\/p>\n<p>O Minist\u00e9rio da Sa\u00fade ressalta que a vacina contra a hepatite A \u00e9 segura e, praticamente, isenta de rea\u00e7\u00f5es adversas, mas como em qualquer outra vacina, pode causar alguns efeitos, como incha\u00e7o no local da aplica\u00e7\u00e3o e vermelhid\u00e3o, ou outras rea\u00e7\u00f5es generalizadas, como fraqueza, cansa\u00e7o, febre e dores no corpo.<\/p>\n<p>A meta nacional \u00e9 imunizar 95% do p\u00fablico-alvo. O Minist\u00e9rio da Sa\u00fade investiu R$ 111,1 milh\u00f5es na compra de 5,6 milh\u00f5es de doses da vacina.<\/p>\n<p>Aline Leal &#8211; Rep\u00f3rter da Ag\u00eancia Brasil<br \/>\nEdi\u00e7\u00e3o: Gra\u00e7a Adjuto<\/p>\n","protected":false},"excerpt":{"rendered":"<p>Neste m\u00eas, 13 estados est\u00e3o come\u00e7ando a vacinar as crian\u00e7as de 1 ano completo at\u00e9 2 anos incompletos contra a hepatite A. O Amap\u00e1, Amazonas, a Bahia, Mato Grosso do Sul, Mato Grosso, o Par\u00e1, a Para\u00edba, o Rio de Janeiro, Rio Grande do Norte, Rio Grande do Sul, Santa Catarina, Sergipe e o Tocantins [&hellip;]<\/p>\n","protected":false},"author":2,"featured_media":34747,"comment_status":"open","ping_status":"closed","sticky":false,"template":"","format":"standard","meta":{"tdm_status":"","tdm_grid_status":"","footnotes":""},"categories":[22,5],"tags":[],"class_list":{"0":"post-58512","1":"post","2":"type-post","3":"status-publish","4":"format-standard","5":"has-post-thumbnail","7":"category-brasil","8":"category-saude-e-vida"},"_links":{"self":[{"href":"https:\/\/migracao.redenoticia.com.br\/noticia\/wp-json\/wp\/v2\/posts\/58512","targetHints":{"allow":["GET"]}}],"collection":[{"href":"https:\/\/migracao.redenoticia.com.br\/noticia\/wp-json\/wp\/v2\/posts"}],"about":[{"href":"https:\/\/migracao.redenoticia.com.br\/noticia\/wp-json\/wp\/v2\/types\/post"}],"author":[{"embeddable":true,"href":"https:\/\/migracao.redenoticia.com.br\/noticia\/wp-json\/wp\/v2\/users\/2"}],"replies":[{"embeddable":true,"href":"https:\/\/migracao.redenoticia.com.br\/noticia\/wp-json\/wp\/v2\/comments?post=58512"}],"version-history":[{"count":0,"href":"https:\/\/migracao.redenoticia.com.br\/noticia\/wp-json\/wp\/v2\/posts\/58512\/revisions"}],"wp:featuredmedia":[{"embeddable":true,"href":"https:\/\/migracao.redenoticia.com.br\/noticia\/wp-json\/wp\/v2\/media\/34747"}],"wp:attachment":[{"href":"https:\/\/migracao.redenoticia.com.br\/noticia\/wp-json\/wp\/v2\/media?parent=58512"}],"wp:term":[{"taxonomy":"category","embeddable":true,"href":"https:\/\/migracao.redenoticia.com.br\/noticia\/wp-json\/wp\/v2\/categories?post=58512"},{"taxonomy":"post_tag","embeddable":true,"href":"https:\/\/migracao.redenoticia.com.br\/noticia\/wp-json\/wp\/v2\/tags?post=58512"}],"curies":[{"name":"wp","href":"https:\/\/api.w.org\/{rel}","templated":true}]}}