{"id":5852,"date":"2009-07-20T11:33:16","date_gmt":"2009-07-20T15:33:16","guid":{"rendered":"http:\/\/www.redenoticia.com.br\/noticia\/?p=5852"},"modified":"2009-07-20T11:33:16","modified_gmt":"2009-07-20T15:33:16","slug":"fatec-divulgam-lista-de-convocados-do-vestibular-para-o-2%c2%ba-semestre-de-2009","status":"publish","type":"post","link":"https:\/\/migracao.redenoticia.com.br\/noticia\/2009\/fatec-divulgam-lista-de-convocados-do-vestibular-para-o-2%c2%ba-semestre-de-2009\/5852","title":{"rendered":"Fatec divulgam lista de convocados do vestibular para o 2\u00ba semestre de 2009"},"content":{"rendered":"<p>J\u00e1 est\u00e1 no site <a href=\"http:\/\/www.vestibularfatec.com.br\" target=\"_blank\">www.vestibularfatec.com.br<\/a>, a primeira lista de convocados do Vestibular das Faculdades de Tecnologia (Fatecs) do Estado de S\u00e3o Paulo. A rela\u00e7\u00e3o tamb\u00e9m ser\u00e1 afixada na unidade em que o aluno pretende estudar. Caso as vagas oferecidas n\u00e3o sejam preenchidas pelos candidatos da primeira chamada, a segunda lista com novos classificados ser\u00e1 divulgada somente na faculdade no dia 23 de julho.<\/p>\n<p>No processo seletivo para o segundo semestre deste ano, 35.984 candidatos disputaram 8.085 vagas, distribu\u00eddas entre as 47 Fatecs, o que representa um crescimento de 930 vagas em rela\u00e7\u00e3o ao mesmo per\u00edodo de 2008, quando foram oferecidas 7.155 vagas.<\/p>\n<p>Matr\u00edcula<\/p>\n<p>A matr\u00edcula deve ser feita na secretaria da Fatec onde o candidato pretende estudar, no hor\u00e1rio determinado pela unidade de ensino. Perder\u00e1 direito \u00e0 vaga quem n\u00e3o fizer a matr\u00edcula na data determinada ou deixar de apresentar os documentos exigidos.<\/p>\n<p>21 de julho: dever\u00e3o efetuar a matr\u00edcula os convocados na primeira lista;<\/p>\n<p>23 de julho: divulga\u00e7\u00e3o dos convocados da segunda lista, nas respectivas Fatecs;<\/p>\n<p>24 de julho: data da matr\u00edcula para os candidatos da segunda lista.<\/p>\n<p>Documentos para Matr\u00edcula<\/p>\n<p>Para efetivar a matr\u00edcula, o candidato deve entregar c\u00f3pias autenticadas ou c\u00f3pias simples acompanhadas dos originais dos seguintes documentos: carteira de identidade (RG &#8211; uma via); certid\u00e3o de nascimento ou de casamento (uma via); documento de quita\u00e7\u00e3o com o servi\u00e7o militar (uma via); t\u00edtulo de eleitor, para os brasileiros maiores de 18 anos, com o comprovante de vota\u00e7\u00e3o da \u00faltima elei\u00e7\u00e3o (uma via); hist\u00f3rico escolar do Ensino M\u00e9dio ou equivalente (duas vias); certificado de conclus\u00e3o do Ensino M\u00e9dio ou equivalente (uma via); duas fotos 3&#215;4 iguais e recentes.<\/p>\n<p>O candidato que ingressou no Sistema de Pontua\u00e7\u00e3o Acrescida pelo item escolaridade p\u00fablica deve apresentar hist\u00f3rico escolar ou declara\u00e7\u00e3o escolar comprovando que cursou integralmente o Ensino M\u00e9dio na rede p\u00fablica municipal, estadual ou federal (uma via).<\/p>\n<p>Outras informa\u00e7\u00f5es pelos telefones (11) 3471-4103 (Capital e Grande S\u00e3o Paulo) e 0800-596 9696 (demais localidades) ou pelo site www.vestibularfatec.com.br<\/p>\n<p>Sobre o Centro Paula Souza &#8212; Autarquia do Governo do Estado de S\u00e3o Paulo ligada \u00e0 Secretaria de Desenvolvimento, o Centro Paula Souza administra Escolas T\u00e9cnicas (Etecs) e Faculdades de Tecnologia (Fatecs) estaduais em mais de 160 cidades paulistas. As Etecs atendem mais de 140 mil estudantes, no Ensino M\u00e9dio e no Ensino T\u00e9cnico, para os setores Industrial, Agropecu\u00e1rio e de Servi\u00e7os. Nas Fatecs, cerca de 32 mil alunos est\u00e3o matriculados nos cursos de gradua\u00e7\u00e3o de Tecnologia.<\/p>\n","protected":false},"excerpt":{"rendered":"<p>J\u00e1 est\u00e1 no site www.vestibularfatec.com.br, a primeira lista de convocados do Vestibular das Faculdades de Tecnologia (Fatecs) do Estado de S\u00e3o Paulo. A rela\u00e7\u00e3o tamb\u00e9m ser\u00e1 afixada na unidade em que o aluno pretende estudar. Caso as vagas oferecidas n\u00e3o sejam preenchidas pelos candidatos da primeira chamada, a segunda lista com novos classificados ser\u00e1 divulgada [&hellip;]<\/p>\n","protected":false},"author":3,"featured_media":0,"comment_status":"open","ping_status":"open","sticky":false,"template":"","format":"standard","meta":{"tdm_status":"","tdm_grid_status":"","footnotes":""},"categories":[22],"tags":[],"class_list":{"0":"post-5852","1":"post","2":"type-post","3":"status-publish","4":"format-standard","6":"category-brasil"},"_links":{"self":[{"href":"https:\/\/migracao.redenoticia.com.br\/noticia\/wp-json\/wp\/v2\/posts\/5852","targetHints":{"allow":["GET"]}}],"collection":[{"href":"https:\/\/migracao.redenoticia.com.br\/noticia\/wp-json\/wp\/v2\/posts"}],"about":[{"href":"https:\/\/migracao.redenoticia.com.br\/noticia\/wp-json\/wp\/v2\/types\/post"}],"author":[{"embeddable":true,"href":"https:\/\/migracao.redenoticia.com.br\/noticia\/wp-json\/wp\/v2\/users\/3"}],"replies":[{"embeddable":true,"href":"https:\/\/migracao.redenoticia.com.br\/noticia\/wp-json\/wp\/v2\/comments?post=5852"}],"version-history":[{"count":0,"href":"https:\/\/migracao.redenoticia.com.br\/noticia\/wp-json\/wp\/v2\/posts\/5852\/revisions"}],"wp:attachment":[{"href":"https:\/\/migracao.redenoticia.com.br\/noticia\/wp-json\/wp\/v2\/media?parent=5852"}],"wp:term":[{"taxonomy":"category","embeddable":true,"href":"https:\/\/migracao.redenoticia.com.br\/noticia\/wp-json\/wp\/v2\/categories?post=5852"},{"taxonomy":"post_tag","embeddable":true,"href":"https:\/\/migracao.redenoticia.com.br\/noticia\/wp-json\/wp\/v2\/tags?post=5852"}],"curies":[{"name":"wp","href":"https:\/\/api.w.org\/{rel}","templated":true}]}}