{"id":5857,"date":"2009-07-20T11:41:18","date_gmt":"2009-07-20T15:41:18","guid":{"rendered":"http:\/\/www.redenoticia.com.br\/noticia\/?p=5857"},"modified":"2009-07-27T02:06:53","modified_gmt":"2009-07-27T02:06:53","slug":"climatempo-confirma-que-chuva-de-julho-supera-a-media-em-joao-pessoa","status":"publish","type":"post","link":"https:\/\/migracao.redenoticia.com.br\/noticia\/2009\/climatempo-confirma-que-chuva-de-julho-supera-a-media-em-joao-pessoa\/5857","title":{"rendered":"Climatempo confirma que chuva de julho supera a m\u00e9dia em Jo\u00e3o Pessoa"},"content":{"rendered":"<p>Um grande volume de chuva foi observado em Jo\u00e3o Pessoa neste fim de semana. De acordo com as medi\u00e7\u00f5es do Inmet \u2013 Instituto Nacional de Meteorologia \u2013 a capital da Para\u00edba recebeu 84,2 mil\u00edmetros entre 9 horas do s\u00e1bado e 9 horas deste domingo, o que corresponde a 29% da m\u00e9dia de chuva para este m\u00eas. Climatologicamente, os meses mais chuvosos em Jo\u00e3o Pessoa s\u00e3o, em ordem crescente, junho, com m\u00e9dia aproximada de 381 mil\u00edmetros, abril, com m\u00e9dia de 313 mil\u00edmetros e maio, com cerca de 308 mil\u00edmetros de m\u00e9dia.  A m\u00e9dia para julho \u00e9 de 290 mil\u00edmetros.<\/p>\n<p>A quantidade de chuva que caiu em Jo\u00e3o Pessoa de s\u00e1bado para domingo foi muito elevada e o total acumulado no m\u00eas subiu para cerca de 320 mil\u00edmetros, superando a m\u00e9dia.<\/p>\n<p>A volume de chuva que ocorreu em Natal, capital do Rio Grande do Norte, tamb\u00e9m chama aten\u00e7\u00e3o. De acordo com o Inmet, entre 9 horas do dia 15 e 9 horas do dia 19 de julho, choveu 144,1 mil\u00edmetros. Ainda que julho seja um m\u00eas em que chova com regularidade em Natal, foi muita chuva nestes \u00faltimos dias. S\u00f3 de sexta para s\u00e1bado foram quase 46 mil\u00edmetros. O total acumulado em 19 dias de julho est\u00e1 em aproximadamente 270 mil\u00edmetros, de acordo com as medi\u00e7\u00f5es do Inmet.<\/p>\n<p>O motivo das precipita\u00e7\u00f5es constantes em Natal e da chuva forte em Jo\u00e3o Pessoa foi a persit\u00eancia de \u00e1reas de instabilidade entre o litoral do Rio Grande do Norte e de Pernambuco. De sexta para s\u00e1bado, as nuvens ficaram mais carregadas perto de Natal e de s\u00e1bado para o domingo, na regi\u00e3o de Jo\u00e3o Pessoa. Embora com menos intensidade, Recife tamb\u00e9m sentiu a presen\u00e7a desta instabilidade e acumulou quase 28 mil\u00edmetros entre 9 horas de s\u00e1bado e 9 horas do domingo. A imagem mostra que novas \u00e1reas de nuvens carregadas crescem no mar e devem trazer mais chuva para estas capitais nesta segunda-feira.<\/p>\n<p>Mas anda faltando chuva em Macei\u00f3, capital de Alagoas. Na escala anual, julho tem a segunda maior m\u00e9dia de chuva na regi\u00e3o, que \u00e9 de 325 mil\u00edmetros. Em 19 dias, Macei\u00f3 acumulou aproximadamente 140 mil\u00edmetros. Tem chovido regularmente, mas em geral com fraca intensidade.<\/p>\n<p>A chuva de julho em Fortaleza tamb\u00e9m merece destaque porque foi demais e j\u00e1 passou da m\u00e9dia. O total acumulado est\u00e1 em torno de 110 mil\u00edmetros, sendo que a m\u00e9dia \u00e9 de 91 mil\u00edmetros. Mas quase metade deste valor total caiu entre 5 e 6 de julho. Foram 46,6 mil\u00edmetros medidos pelo Inmet, que corresponderam a 51% da m\u00e9dia para julho. A popula\u00e7\u00e3o da capital do Cear\u00e1 se viu debaixo de uma chuvarada nada comum para esta \u00e9poca. Mas isto n\u00e3o significa que julho \u00e9 um m\u00eas de muita chuva em Fortaleza. Ao contr\u00e1rio. Em geral, chove pouco, o sol forte est\u00e1 presente quase todos dias e em muitos dias nem chove. \u00c9 uma boa \u00e9poca para curtir as praias  do Cear\u00e1. Pense nisto nas pr\u00f3ximas f\u00e9rias de julho. Sol, pouca chuva, o azul do Atl\u00e2ntico e o pre\u00e7o \u00e9 mais em conta.<\/p>\n<p>Fonte Climatempo<\/p>\n<p>Sobre o Grupo Climatempo<br \/>\nO Grupo Climatempo \u00e9 a maior empresa privada de meteorologia do pa\u00eds. Uma holding formada pela Climatempo Consultoria, Ag\u00eancia Climatempo, a TV Climatempo e a CLIMANET (Internet, servi\u00e7os de tecnologia e inform\u00e1tica). Atualmente, o Grupo Climatempo fornece conte\u00fado para os principais portais do pa\u00eds, mais de 50 retransmissoras de televis\u00e3o do Brasil, r\u00e1dios e tem cerca de mil clientes. Os dois principais segmentos atendidos s\u00e3o o de agroneg\u00f3cios e meios de comunica\u00e7\u00e3o. Al\u00e9m destes, fornece conte\u00fado meteorol\u00f3gico estrat\u00e9gico para produtoras, a ind\u00fastria eletroeletr\u00f4nica e t\u00eaxtil, com\u00e9rcio, moda e turismo, constru\u00e7\u00e3o civil, setor de energia, entre outros setores.<br \/>\nO Grupo \u00e9 presidido pelo meteorologista Carlos Magno, um dos primeiros comunicadores da profiss\u00e3o no Pa\u00eds, com mais de 23 anos de carreira, que ajudou a mudar a cultura que o brasileiro tinha sobre a meteorologia. O Grupo Climatempo conta ainda com Ana L\u00facia Frony vice-presidente, Renato Urbinder, s\u00f3cio-diretor (Diretor de Neg\u00f3cios e Projetos Especiais), e os diretores executivos Gilca Palma (Climatempo Meteorologia), Andr\u00e9 Madeira (Ag\u00eancia Climatempo) e o jornalista Paulo Polli (TV Climatempo) no Conselho Consultivo.<\/p>\n","protected":false},"excerpt":{"rendered":"<p>Um grande volume de chuva foi observado em Jo\u00e3o Pessoa neste fim de semana. De acordo com as medi\u00e7\u00f5es do Inmet \u2013 Instituto Nacional de Meteorologia \u2013 a capital da Para\u00edba recebeu 84,2 mil\u00edmetros entre 9 horas do s\u00e1bado e 9 horas deste domingo, o que corresponde a 29% da m\u00e9dia de chuva para este [&hellip;]<\/p>\n","protected":false},"author":3,"featured_media":0,"comment_status":"open","ping_status":"open","sticky":false,"template":"","format":"standard","meta":{"tdm_status":"","tdm_grid_status":"","footnotes":""},"categories":[22,327],"tags":[],"class_list":{"0":"post-5857","1":"post","2":"type-post","3":"status-publish","4":"format-standard","6":"category-brasil","7":"category-clima"},"_links":{"self":[{"href":"https:\/\/migracao.redenoticia.com.br\/noticia\/wp-json\/wp\/v2\/posts\/5857","targetHints":{"allow":["GET"]}}],"collection":[{"href":"https:\/\/migracao.redenoticia.com.br\/noticia\/wp-json\/wp\/v2\/posts"}],"about":[{"href":"https:\/\/migracao.redenoticia.com.br\/noticia\/wp-json\/wp\/v2\/types\/post"}],"author":[{"embeddable":true,"href":"https:\/\/migracao.redenoticia.com.br\/noticia\/wp-json\/wp\/v2\/users\/3"}],"replies":[{"embeddable":true,"href":"https:\/\/migracao.redenoticia.com.br\/noticia\/wp-json\/wp\/v2\/comments?post=5857"}],"version-history":[{"count":0,"href":"https:\/\/migracao.redenoticia.com.br\/noticia\/wp-json\/wp\/v2\/posts\/5857\/revisions"}],"wp:attachment":[{"href":"https:\/\/migracao.redenoticia.com.br\/noticia\/wp-json\/wp\/v2\/media?parent=5857"}],"wp:term":[{"taxonomy":"category","embeddable":true,"href":"https:\/\/migracao.redenoticia.com.br\/noticia\/wp-json\/wp\/v2\/categories?post=5857"},{"taxonomy":"post_tag","embeddable":true,"href":"https:\/\/migracao.redenoticia.com.br\/noticia\/wp-json\/wp\/v2\/tags?post=5857"}],"curies":[{"name":"wp","href":"https:\/\/api.w.org\/{rel}","templated":true}]}}