{"id":5870,"date":"2009-07-20T13:03:00","date_gmt":"2009-07-20T17:03:00","guid":{"rendered":"http:\/\/www.redenoticia.com.br\/noticia\/?p=5870"},"modified":"2009-07-20T13:03:00","modified_gmt":"2009-07-20T17:03:00","slug":"rondonia-lancara-plano-de-acao-para-combater-queimadas","status":"publish","type":"post","link":"https:\/\/migracao.redenoticia.com.br\/noticia\/2009\/rondonia-lancara-plano-de-acao-para-combater-queimadas\/5870","title":{"rendered":"Rond\u00f4nia lan\u00e7ar\u00e1 Plano de A\u00e7\u00e3o para combater queimadas"},"content":{"rendered":"<p>Nesta ter\u00e7a-feira (21) a Secretaria de Estado do Desenvolvimento Ambiental (Sedam), vai realizar em sua sede em Porto Velho, \u00e0s 16:00 horas, a divulga\u00e7\u00e3o do Plano de A\u00e7\u00e3o para combater as queimadas em Rond\u00f4nia. Essas a\u00e7\u00f5es, de acordo com o secret\u00e1rio Cletho Muniz de Brito, j\u00e1 v\u00eam sendo realizadas continuamente por meio de palestras educativas nas escolas e empresas privadas; blitz e pit stops educativos com distribui\u00e7\u00e3o de material informativo; campanha de conscientiza\u00e7\u00e3o na m\u00eddia, monitoramente e fiscaliza\u00e7\u00e3o ostensiva.<\/p>\n<p>O secret\u00e1rio Brito faz um apelo para que as pessoas n\u00e3o queimem e pede para que os agricultores procurem a Sedam, Ibama, Emater ou Embrapa, pois os t\u00e9cnicos desses \u00f3rg\u00e3os est\u00e3o \u00e0 disposi\u00e7\u00e3o para mostrarem as alternativas e ajudar com orienta\u00e7\u00f5es que certamente ir\u00e3o evitar enormes preju\u00edzos a sa\u00fade humana e ou meio ambiente.<\/p>\n<p><strong>Sedam alerta sobre os perigos causados pelas queimadas<\/strong><\/p>\n<p>No per\u00edodo de estiagem, correspondente aos meses de julho a outubro, o Governo de Rond\u00f4nia, por meio da Secretaria de Estado do Desenvolvimento Ambiental (Sedam), est\u00e1 intensificando as a\u00e7\u00f5es de monitoramento, fiscaliza\u00e7\u00e3o e educa\u00e7\u00e3o ambiental nas \u00e1reas urbanas e rurais, para prevenir e combater as queimadas e inc\u00eandios florestais.<\/p>\n<p>Esse trabalho \u00e9 feito pela Sedam em uma jun\u00e7\u00e3o de esfor\u00e7os com o Ibama, Corpo de Bombeiros, Defesa Civil, Emater, Embrapa, Batalh\u00e3o de Pol\u00edcia Ambiental, Delegacia Especializada contra Crimes ao Meio Ambiente e demais \u00f3rg\u00e3os que fazem parte do Comit\u00ea\u00a0 Estadual de Preven\u00e7\u00e3o e Combate a Queimadas e Inc\u00eandios Florestais, constitu\u00eddo\u00a0 por \u00f3rg\u00e3os governamentais e n\u00e3o governamentais.<\/p>\n<p>De acordo com o secret\u00e1rio da Sedam, Cletho Muniz de Brito, o \u00f3rg\u00e3o ambiental este ano n\u00e3o emitiu nenhuma autoriza\u00e7\u00e3o de queima e nem pretende liberar esse tipo de autoriza\u00e7\u00e3o. \u201cEstamos orientando os produtores rurais sobre as normas e precau\u00e7\u00f5es importantes a serem adotadas para evitar as queimadas. O Comit\u00ea tem uma s\u00e9rie de alternativas que substituem com efici\u00eancia a pr\u00e1tica do fogo\u201d, esclareceu.<\/p>\n<p>Brito disse ainda que a Sedam tem realizado um trabalho de monitoramento e fiscaliza\u00e7\u00e3o aos focos de calor, aplicando termos de advert\u00eancias aos infratores, a fim de fazer cumprir a legisla\u00e7\u00e3o ambiental. Al\u00e9m disso, tem desenvolvido um trabalho de conscientiza\u00e7\u00e3o ao n\u00e3o uso do fogo junto aos agricultores e as escolas de base, realizando programas de educa\u00e7\u00e3o ambiental com palestras e atividades educativas e, para conscientizar os v\u00e1rios seguimentos da sociedade, tem realizado campanhas educativas atrav\u00e9s da m\u00eddia, buscando estimular ao m\u00e1ximo alternativas que substituam as queimadas.<\/p>\n<p>Em compara\u00e7\u00e3o ao ano passado, os registros mostram que diminuiu consideravelmente o n\u00famero de queimadas em Rond\u00f4nia. A afirma\u00e7\u00e3o \u00e9 do meteorologista Marcelo Gama. Segundo ele, a Sedam, atrav\u00e9s da Coordenadoria de Geoci\u00eancia (COGEO), em parceria com o INPE\/CPTEC realiza diariamente o monitoramento de focos de calor no Estado. Durante o m\u00eas de junho de 2009 foi verificado em todo o Estado de Rond\u00f4nia apenas 19 focos de calor, representando uma redu\u00e7\u00e3o de mais de 56 % no n\u00famero de focos de calor em rela\u00e7\u00e3o ao mesmo per\u00edodo do ano de 2008, e mais de 91% em rela\u00e7\u00e3o a 2007.<\/p>\n<p>Nos primeiros 15 dias do m\u00eas de julho foram registrados em todo o Estado de Rond\u00f4nia 60 focos de calor, representando uma redu\u00e7\u00e3o de mais de 40% em rela\u00e7\u00e3o a 2008 e de mais de 71% em rela\u00e7\u00e3o a 2007.<\/p>\n<p><strong>Riscos e preju\u00edzos causados pelas queimadas<\/strong><\/p>\n<p>O meteorologista da Sedam Marcelo Gama, disse que os efeitos das queimadas duram muito mais do que a fuma\u00e7a, que atrapalha uns poucos centros urbanos e fecha alguns aeroportos.\u00a0 As queimadas al\u00e9m de liberar enorme quantidade de fuma\u00e7a e part\u00edculas, aumentando o teor de CO2 na atmosfera, amea\u00e7a a sa\u00fade da popula\u00e7\u00e3o, contribuindo com o aumento de problemas respirat\u00f3rios, podendo trazer preju\u00edzos imensos e duradouros para as florestas, al\u00e9m de contribuir com o aquecimento global.<\/p>\n<p>Uma queimada inicial em uma floresta inalterada n\u00e3o parece causar muito dano, mas na verdade a pequena frente de fogo tem impactos severos, matando s\u00f3 pela exposi\u00e7\u00e3o ao calor, at\u00e9 40% das \u00e1rvores de pequeno porte.<\/p>\n<p>O uso do fogo al\u00e9m de destruir a floresta, causa a morte de muitos animais, queima a camada de h\u00famus e os micro organismos que fazem a decomposi\u00e7\u00e3o da mat\u00e9ria morta, tornando o solo mais suscept\u00edvel ao processo de eros\u00e3o.<\/p>\n<p>Fonte: A\/I SEDAM &#8211; Secretaria de Desenvolvimento Ambiental<\/p>\n","protected":false},"excerpt":{"rendered":"<p>Nesta ter\u00e7a-feira (21) a Secretaria de Estado do Desenvolvimento Ambiental (Sedam), vai realizar em sua sede em Porto Velho, \u00e0s 16:00 horas, a divulga\u00e7\u00e3o do Plano de A\u00e7\u00e3o para combater as queimadas em Rond\u00f4nia. Essas a\u00e7\u00f5es, de acordo com o secret\u00e1rio Cletho Muniz de Brito, j\u00e1 v\u00eam sendo realizadas continuamente por meio de palestras educativas [&hellip;]<\/p>\n","protected":false},"author":3,"featured_media":0,"comment_status":"open","ping_status":"open","sticky":false,"template":"","format":"standard","meta":{"tdm_status":"","tdm_grid_status":"","footnotes":""},"categories":[22],"tags":[],"class_list":{"0":"post-5870","1":"post","2":"type-post","3":"status-publish","4":"format-standard","6":"category-brasil"},"_links":{"self":[{"href":"https:\/\/migracao.redenoticia.com.br\/noticia\/wp-json\/wp\/v2\/posts\/5870","targetHints":{"allow":["GET"]}}],"collection":[{"href":"https:\/\/migracao.redenoticia.com.br\/noticia\/wp-json\/wp\/v2\/posts"}],"about":[{"href":"https:\/\/migracao.redenoticia.com.br\/noticia\/wp-json\/wp\/v2\/types\/post"}],"author":[{"embeddable":true,"href":"https:\/\/migracao.redenoticia.com.br\/noticia\/wp-json\/wp\/v2\/users\/3"}],"replies":[{"embeddable":true,"href":"https:\/\/migracao.redenoticia.com.br\/noticia\/wp-json\/wp\/v2\/comments?post=5870"}],"version-history":[{"count":0,"href":"https:\/\/migracao.redenoticia.com.br\/noticia\/wp-json\/wp\/v2\/posts\/5870\/revisions"}],"wp:attachment":[{"href":"https:\/\/migracao.redenoticia.com.br\/noticia\/wp-json\/wp\/v2\/media?parent=5870"}],"wp:term":[{"taxonomy":"category","embeddable":true,"href":"https:\/\/migracao.redenoticia.com.br\/noticia\/wp-json\/wp\/v2\/categories?post=5870"},{"taxonomy":"post_tag","embeddable":true,"href":"https:\/\/migracao.redenoticia.com.br\/noticia\/wp-json\/wp\/v2\/tags?post=5870"}],"curies":[{"name":"wp","href":"https:\/\/api.w.org\/{rel}","templated":true}]}}