{"id":5874,"date":"2009-07-20T13:09:00","date_gmt":"2009-07-20T17:09:00","guid":{"rendered":"http:\/\/www.redenoticia.com.br\/noticia\/?p=5874"},"modified":"2009-07-20T13:09:00","modified_gmt":"2009-07-20T17:09:00","slug":"acoes-sustentaveis-sao-apresentadas-no-mutirao-arco-verde-terra-legal","status":"publish","type":"post","link":"https:\/\/migracao.redenoticia.com.br\/noticia\/2009\/acoes-sustentaveis-sao-apresentadas-no-mutirao-arco-verde-terra-legal\/5874","title":{"rendered":"A\u00e7\u00f5es sustent\u00e1veis s\u00e3o apresentadas no mutir\u00e3o arco verde terra legal"},"content":{"rendered":"<p>O Mutir\u00e3o Arco Verde Terra Legal, feito nos 43 munic\u00edpios priorit\u00e1rios no combate ao desmatamento da Amaz\u00f4nia Legal, apresenta novas propostas de desenvolvimento sustent\u00e1vel na regi\u00e3o s\u00e3o uma oportunidade para mostrar iniciativas j\u00e1 existentes. Em Nova Ubirat\u00e3, a quarta das 20 cidades mato-grossenses a receber o mutir\u00e3o, a Feira de Produtos da Reforma Agr\u00e1ria e Agricultura Familiar reuniu a produ\u00e7\u00e3o org\u00e2nica. As assentadas Geneci Schulke e Benilde Narciso, do assentamento Entre Rios, venderam mel, rapadura, amendoim, pa\u00e7oca, tomate e mandioca.<br \/>\nElas fazem parte da Associa\u00e7\u00e3o dos Produtores Rurais da Gleba Entre Rios (Aproger) &#8211; que conta com apoio do Projeto de Alternativa ao Desmatamento e Queimadas (Padeq), do Minist\u00e9rio do Meio Ambiente (MMA), para implanta\u00e7\u00e3o de viveiros de mudas e da Casa do Mel. O mel silvestre embalado pela Casa, constru\u00edda dentro dos padr\u00f5es do Sistema de Inspe\u00e7\u00e3o Federal (SIF), \u00e9 vendido na regi\u00e3o e em feiras nacionais e regionais de iniciativas sustent\u00e1veis.<\/p>\n<p>O viveiro e a Casa do Mel s\u00e3o tamb\u00e9m locais para atividades de educa\u00e7\u00e3o ambiental. Nesses dois espa\u00e7os, estudantes aprendem, por exemplo, a import\u00e2ncia de ajudar na recupera\u00e7\u00e3o da floresta. &#8220;\u00c9 um sentimento gratificante. Enquanto outros est\u00e3o destruindo, estamos construindo e vivendo com mais qualidade de vida&#8221;, diz Geneci.<\/p>\n<p>Ela conta ainda que no assentamento onde mora foram plantadas dez mil mudas e que outras 15 mil est\u00e3o sendo preparadas. S\u00e3o esp\u00e9cies nativas e frut\u00edferas que comp\u00f5em o Sistema Agroflorestal (SAF), implantado como alternativa tanto para recupera\u00e7\u00e3o de \u00e1reas degradadas como para a agricultura familiar.<\/p>\n<p>Aduba\u00e7\u00e3o org\u00e2nica &#8211; Outra iniciativa que teve destaque em Nova Ubirat\u00e3 foi a aula de campo no s\u00edtio do agricultor familiar Gari da Silva, onde foi mostrada a import\u00e2ncia da aduba\u00e7\u00e3o org\u00e2nica e seus resultados na produtividade e na diversifica\u00e7\u00e3o da produ\u00e7\u00e3o. Para adubar a terra, o agricultor utiliza apenas esterco de suas cria\u00e7\u00f5es (gado, frango, su\u00edno e coelho), folhas secas, serragem e casca de soja. A mandioca \u00e9 o plantio que se destaca, tanto pela produtividade quanto pela variedade, e que garante renda para toda a fam\u00edlia, al\u00e9m do leite e derivados, banana, cana-de-a\u00e7\u00facar e hortali\u00e7as.<\/p>\n<p>Agricultor consegue primeiro documento aos 67 anos<\/p>\n<p>Ao buscar atendimento durante o Mutir\u00e3o Arco Verde Terra Legal em Peixoto de Azevedo, no Mato Grosso, o lavrador Jo\u00e3o Gomes da Silva (67) sabia apenas o nome dos pais, a data e o local onde havia nascido. N\u00e3o tinha, portanto, qualquer documento.<\/p>\n<p>Logo que foi atendido pelas equipes, conseguiu, de uma s\u00f3 vez, a carteira de identidade, o Cadastro de Pessoa F\u00edsica (CPF), o t\u00edtulo de eleitor e a carteira de trabalho. Ele saiu do Mutir\u00e3o tamb\u00e9m com o cadastro no Instituto Nacional do Seguro Social (INSS) para receber, em 30 dias, o benef\u00edcio assistencial ao idoso. O valor \u00e9 de um sal\u00e1rio m\u00ednimo.<\/p>\n<p>Agora que ter\u00e1 rendimento, Jo\u00e3o Gomes, que trabalhou como empregado de fazendas em v\u00e1rios estados, planeja permanecer no peda\u00e7o de terra que conquistou h\u00e1 cerca de uma d\u00e9cada em Peixoto de Azevedo. O plano anterior era vender a propriedade, faltava sa\u00fade e renda para continuar produzindo e cuidando do gado.<\/p>\n<p>Para obter todos os demais documentos, Jo\u00e3o Gomes da Silva teve a emiss\u00e3o da certid\u00e3o de nascimento autorizada pela Defensoria P\u00fablica por meio da oitiva de testemunhas. A certid\u00e3o do agricultor foi a primeira documenta\u00e7\u00e3o tardia emitida pelo Mutir\u00e3o Arco Verde Terra Legal no Mato Grosso, estado que vem desenvolvendo campanha para erradica\u00e7\u00e3o do sub-registro de nascimento.<\/p>\n<p>A documenta\u00e7\u00e3o pessoal \u00e9 somente uma das a\u00e7\u00f5es desenvolvidas por meio do Programa Nacional de Documenta\u00e7\u00e3o da Trabalhadora Rural (PNDTR\/MDA) durante o Mutir\u00e3o Arco Verde Terra Legal. O atendimento para emitir documentos \u00e9 prestado numa unidade-m\u00f3vel, denominado Expresso Cidad\u00e3, equipado com aparato tecnol\u00f3gico que possibilita a emiss\u00e3o imediata de documentos.<\/p>\n","protected":false},"excerpt":{"rendered":"<p>O Mutir\u00e3o Arco Verde Terra Legal, feito nos 43 munic\u00edpios priorit\u00e1rios no combate ao desmatamento da Amaz\u00f4nia Legal, apresenta novas propostas de desenvolvimento sustent\u00e1vel na regi\u00e3o s\u00e3o uma oportunidade para mostrar iniciativas j\u00e1 existentes. Em Nova Ubirat\u00e3, a quarta das 20 cidades mato-grossenses a receber o mutir\u00e3o, a Feira de Produtos da Reforma Agr\u00e1ria e [&hellip;]<\/p>\n","protected":false},"author":3,"featured_media":0,"comment_status":"open","ping_status":"open","sticky":false,"template":"","format":"standard","meta":{"tdm_status":"","tdm_grid_status":"","footnotes":""},"categories":[22],"tags":[],"class_list":{"0":"post-5874","1":"post","2":"type-post","3":"status-publish","4":"format-standard","6":"category-brasil"},"_links":{"self":[{"href":"https:\/\/migracao.redenoticia.com.br\/noticia\/wp-json\/wp\/v2\/posts\/5874","targetHints":{"allow":["GET"]}}],"collection":[{"href":"https:\/\/migracao.redenoticia.com.br\/noticia\/wp-json\/wp\/v2\/posts"}],"about":[{"href":"https:\/\/migracao.redenoticia.com.br\/noticia\/wp-json\/wp\/v2\/types\/post"}],"author":[{"embeddable":true,"href":"https:\/\/migracao.redenoticia.com.br\/noticia\/wp-json\/wp\/v2\/users\/3"}],"replies":[{"embeddable":true,"href":"https:\/\/migracao.redenoticia.com.br\/noticia\/wp-json\/wp\/v2\/comments?post=5874"}],"version-history":[{"count":0,"href":"https:\/\/migracao.redenoticia.com.br\/noticia\/wp-json\/wp\/v2\/posts\/5874\/revisions"}],"wp:attachment":[{"href":"https:\/\/migracao.redenoticia.com.br\/noticia\/wp-json\/wp\/v2\/media?parent=5874"}],"wp:term":[{"taxonomy":"category","embeddable":true,"href":"https:\/\/migracao.redenoticia.com.br\/noticia\/wp-json\/wp\/v2\/categories?post=5874"},{"taxonomy":"post_tag","embeddable":true,"href":"https:\/\/migracao.redenoticia.com.br\/noticia\/wp-json\/wp\/v2\/tags?post=5874"}],"curies":[{"name":"wp","href":"https:\/\/api.w.org\/{rel}","templated":true}]}}