{"id":5883,"date":"2009-07-20T13:41:33","date_gmt":"2009-07-20T17:41:33","guid":{"rendered":"http:\/\/www.redenoticia.com.br\/noticia\/?p=5883"},"modified":"2009-07-27T02:06:51","modified_gmt":"2009-07-27T02:06:51","slug":"climatempo-informa-sobre-tarde-de-chuva-e-frio-no-rio-de-janeiro","status":"publish","type":"post","link":"https:\/\/migracao.redenoticia.com.br\/noticia\/2009\/climatempo-informa-sobre-tarde-de-chuva-e-frio-no-rio-de-janeiro\/5883","title":{"rendered":"Climatempo informa sobre tarde de chuva e frio no Rio de Janeiro"},"content":{"rendered":"<p>Segundo a Climatempo, amanh\u00e3 a nebulosidade diminui e o tempo fica firme no Rio de Janeiro. A segunda-feira amanheceu nublada e com chuva fraca na cidade do Rio de Janeiro. Fez at\u00e9 um pouco de frio e a temperatura \u00e0s 14 horas estava em torno de 18\u00baC. A chuva \u00e9 provocada por bandas de nuvens baixas que avan\u00e7am do mar para o Estado do Rio de Janeiro.<br \/>\nDe acordo com os meteorologistas da Climatempo, nesta ter\u00e7a-feira o Rio de Janeiro ir\u00e1 amanhecer no meio de muitas nuvens. Aos poucos, a nebulosidade diminui e o tempo abre de vez. O sol aparece e n\u00e3o h\u00e1 previs\u00e3o de chuva. Na quarta-feira, o predom\u00ednio \u00e9 de ar seco, o que deixa o tempo firme.<\/p>\n<p>Tarde mais fria do ano no Rio de Janeiro<\/p>\n<p>A tarde deste domingo foi a mais fria do ano, at\u00e9 agora, na cidade do Rio de Janeiro. Segundo o INMET, a temperatura m\u00e1xima n\u00e3o passou de 22,1\u00ba na Vila Militar. Este valor supera a marca anterior que era de 22,5\u00ba, registrada na \u00faltima quarta-feira, dia 15, na esta\u00e7\u00e3o da Pra\u00e7a Mau\u00e1.<\/p>\n<p>A queda da temperatura foi provocada pela passagem de mais uma frente fria que provocou chuva na madrugada deste domingo. O vento frio mar\u00edtimo associado a esta frente fria deixou o c\u00e9u nublado o dia todo e favoreceu o decl\u00ednio da temperatura. No s\u00e1bado, a m\u00e1xima ainda havia chegado aos 30\u00ba.<\/p>\n<p>Sobre o Grupo Climatempo<\/p>\n<p>O Grupo Climatempo \u00e9 a maior empresa privada de meteorologia do pa\u00eds. Uma holding formada pela Climatempo Consultoria, Ag\u00eancia Climatempo, a TV Climatempo e a CLIMANET (Internet, servi\u00e7os de tecnologia e inform\u00e1tica). Atualmente, o Grupo Climatempo fornece conte\u00fado para os principais portais do pa\u00eds, mais de 50 retransmissoras de televis\u00e3o do Brasil, r\u00e1dios e tem cerca de mil clientes. Os dois principais segmentos atendidos s\u00e3o o de agroneg\u00f3cios e meios de comunica\u00e7\u00e3o. Al\u00e9m destes, fornece conte\u00fado meteorol\u00f3gico estrat\u00e9gico para produtoras, a ind\u00fastria eletroeletr\u00f4nica e t\u00eaxtil, com\u00e9rcio, moda e turismo, constru\u00e7\u00e3o civil, setor de energia, entre outros setores.<\/p>\n<p>O Grupo \u00e9 presidido pelo meteorologista Carlos Magno, um dos primeiros comunicadores da profiss\u00e3o no Pa\u00eds, com mais de 23 anos de carreira, que ajudou a mudar a cultura que o brasileiro tinha sobre a meteorologia. O Grupo Climatempo conta ainda com Ana L\u00facia Frony vice-presidente, Renato Urbinder, s\u00f3cio-diretor (Diretor de Neg\u00f3cios e Projetos Especiais), e os diretores executivos Gilca Palma (Climatempo Meteorologia), Andr\u00e9 Madeira (Ag\u00eancia Climatempo) e o jornalista Paulo Polli (TV Climatempo) no Conselho Consultivo.<\/p>\n","protected":false},"excerpt":{"rendered":"<p>Segundo a Climatempo, amanh\u00e3 a nebulosidade diminui e o tempo fica firme no Rio de Janeiro. A segunda-feira amanheceu nublada e com chuva fraca na cidade do Rio de Janeiro. Fez at\u00e9 um pouco de frio e a temperatura \u00e0s 14 horas estava em torno de 18\u00baC. A chuva \u00e9 provocada por bandas de nuvens [&hellip;]<\/p>\n","protected":false},"author":3,"featured_media":0,"comment_status":"open","ping_status":"open","sticky":false,"template":"","format":"standard","meta":{"tdm_status":"","tdm_grid_status":"","footnotes":""},"categories":[22,327],"tags":[],"class_list":{"0":"post-5883","1":"post","2":"type-post","3":"status-publish","4":"format-standard","6":"category-brasil","7":"category-clima"},"_links":{"self":[{"href":"https:\/\/migracao.redenoticia.com.br\/noticia\/wp-json\/wp\/v2\/posts\/5883","targetHints":{"allow":["GET"]}}],"collection":[{"href":"https:\/\/migracao.redenoticia.com.br\/noticia\/wp-json\/wp\/v2\/posts"}],"about":[{"href":"https:\/\/migracao.redenoticia.com.br\/noticia\/wp-json\/wp\/v2\/types\/post"}],"author":[{"embeddable":true,"href":"https:\/\/migracao.redenoticia.com.br\/noticia\/wp-json\/wp\/v2\/users\/3"}],"replies":[{"embeddable":true,"href":"https:\/\/migracao.redenoticia.com.br\/noticia\/wp-json\/wp\/v2\/comments?post=5883"}],"version-history":[{"count":0,"href":"https:\/\/migracao.redenoticia.com.br\/noticia\/wp-json\/wp\/v2\/posts\/5883\/revisions"}],"wp:attachment":[{"href":"https:\/\/migracao.redenoticia.com.br\/noticia\/wp-json\/wp\/v2\/media?parent=5883"}],"wp:term":[{"taxonomy":"category","embeddable":true,"href":"https:\/\/migracao.redenoticia.com.br\/noticia\/wp-json\/wp\/v2\/categories?post=5883"},{"taxonomy":"post_tag","embeddable":true,"href":"https:\/\/migracao.redenoticia.com.br\/noticia\/wp-json\/wp\/v2\/tags?post=5883"}],"curies":[{"name":"wp","href":"https:\/\/api.w.org\/{rel}","templated":true}]}}