{"id":58871,"date":"2021-05-06T10:37:49","date_gmt":"2021-05-06T13:37:49","guid":{"rendered":"http:\/\/www.redenoticia.com.br\/noticia\/?p=58871"},"modified":"2021-05-06T10:59:52","modified_gmt":"2021-05-06T13:59:52","slug":"novela-imperio-elivaldo-sai-da-cadeia","status":"publish","type":"post","link":"https:\/\/migracao.redenoticia.com.br\/noticia\/2021\/novela-imperio-elivaldo-sai-da-cadeia\/58871","title":{"rendered":"Novela \u201cImp\u00e9rio\u201d: Elivaldo se explica para os trabalhadores do camel\u00f3dromo"},"content":{"rendered":"<p><img loading=\"lazy\" decoding=\"async\" src=\"https:\/\/migracao.redenoticia.com.br\/noticia\/imagens\/novela-imperio-resumo-personagens-elenco-sinopse-imagem-globo.jpeg\" alt=\"\" width=\"1280\" height=\"720\" class=\"aligncenter size-full wp-image-205062\" srcset=\"https:\/\/migracao.redenoticia.com.br\/noticia\/imagens\/novela-imperio-resumo-personagens-elenco-sinopse-imagem-globo.jpeg 1280w, https:\/\/migracao.redenoticia.com.br\/noticia\/imagens\/novela-imperio-resumo-personagens-elenco-sinopse-imagem-globo-250x140.jpeg 250w, https:\/\/migracao.redenoticia.com.br\/noticia\/imagens\/novela-imperio-resumo-personagens-elenco-sinopse-imagem-globo-400x225.jpeg 400w, https:\/\/migracao.redenoticia.com.br\/noticia\/imagens\/novela-imperio-resumo-personagens-elenco-sinopse-imagem-globo-768x432.jpeg 768w, https:\/\/migracao.redenoticia.com.br\/noticia\/imagens\/novela-imperio-resumo-personagens-elenco-sinopse-imagem-globo-150x85.jpeg 150w\" sizes=\"auto, (max-width: 1280px) 100vw, 1280px\" \/><\/p>\n<p><strong><em>Novela \u201cImp\u00e9rio\u201d:<\/em><\/strong> Elivaldo (Rafael Losso) \u00e9 solto da pris\u00e3o, mas se atrasa para a audi\u00eancia da guarda do filho Victor (Adriano Alves). Tuane (Nanda Costa) e Reginaldo (Fl\u00e1vio Galv\u00e3o) pressionam a ju\u00edza para que ela n\u00e3o espere por Elivaldo. Cristina (Leandra Leal) pede paci\u00eancia e Elivaldo chega. Eles discutem e todos s\u00e3o expulsos da sala, menos Elivaldo, Tuane e os advogados. Victor \u00e9 ouvido e diz que prefere ficar com o pai. Elivaldo chora. O advogado Merival (Roberto Pirillo) explica que, conforme a senten\u00e7a da ju\u00edza, a guarda provis\u00f3ria \u00e9 do pai, mas alguns dias por m\u00eas o menino ter\u00e1 que ficar com a m\u00e3e. Logo depois, Elivaldo decide ir ao camel\u00f3dromo e \u00e9 hostilizado pelos trabalhadores. Elivaldo se explica para os trabalhadores e consegue o apoio de todos.<\/p>\n<p>Fonte Rede Globo \u2013 nos pr\u00f3ximos cap\u00edtulos da novela \u201cImp\u00e9rio\u201d <\/p>\n<p>Jos\u00e9 Alfredo explica a Maria Marta e aos filhos o golpe recebido pela empresa, mas se recusa a revelar o culpado pelo desfalque. A ju\u00edza pergunta a Victor com quem ele quer ficar. Jos\u00e9 Pedro pede demiss\u00e3o e decide conversar com Jos\u00e9 Alfredo. Victor emociona a ju\u00edza, que decide deixar a guarda provis\u00f3ria do menino com Elivaldo. Xana recebe Juliane em sua pens\u00e3o. T\u00e9o se prepara para divulgar uma foto de Cl\u00e1udio e Leonardo juntos. Elivaldo chega ao camel\u00f3dromo e \u00e9 hostilizado pelos trabalhadores. Elivaldo se explica para os trabalhadores e consegue o apoio de todos. Reginaldo escapa de Jurema e n\u00e3o conta a verdade sobre a mulher para Tuane. Jos\u00e9 Pedro declara guerra contra Maria Clara. Carmem avisa a Orville que comprou a casa em que ele morava com a esposa e o filho. T\u00e9o decide esperar para divulgar a foto de Cl\u00e1udio com Leonardo. Leonardo v\u00ea Robert\u00e3o na rua e o segue sem ser percebido. Elivaldo e Juliane se conhecem e Xana percebe a sintonia entre os dois. Kelly ouve Maria \u00cdsis falar com Magn\u00f3lia e avisa a Jos\u00e9 Alfredo. Maria Marta prepara sua viagem para Monte Roraima. Jos\u00e9 Alfredo flagra a fam\u00edlia de Maria \u00cdsis em seu apartamento. Jos\u00e9 Alfredo se enfurece com Maria \u00cdsis, que confirma que Magn\u00f3lia e Severo s\u00e3o seus pais. Carmem conta para T\u00e9o que Orville se separou de Juliane para ficar com ela. Jo\u00e3o Lucas flagra Jos\u00e9 Pedro olhando a foto de Amanda. Cora conta para Elivaldo que Cristina gastou todo o dinheiro que recebeu de Maria Marta. Jos\u00e9 Alfredo \u00e9 frio ao se despedir de Maria \u00cdsis. Elivaldo pede que Cristina procure Jos\u00e9 Alfredo. T\u00e9o publica em seu blog a not\u00edcia sobre a separa\u00e7\u00e3o de Juliane e Orville. Xana se assusta com a quantidade de rep\u00f3rteres na porta de sua pens\u00e3o. Jo\u00e3o Lucas vai \u00e0 casa de Maria \u00cdsis.<\/p>\n","protected":false},"excerpt":{"rendered":"<p>Novela \u201cImp\u00e9rio\u201d: Elivaldo (Rafael Losso) \u00e9 solto da pris\u00e3o, mas se atrasa para a audi\u00eancia da guarda do filho Victor (Adriano Alves). Tuane (Nanda Costa) e Reginaldo (Fl\u00e1vio Galv\u00e3o) pressionam a ju\u00edza para que ela n\u00e3o espere por Elivaldo. Cristina (Leandra Leal) pede paci\u00eancia e Elivaldo chega. Eles discutem e todos s\u00e3o expulsos da sala, [&hellip;]<\/p>\n","protected":false},"author":2,"featured_media":205063,"comment_status":"open","ping_status":"closed","sticky":false,"template":"","format":"standard","meta":{"tdm_status":"","tdm_grid_status":"","footnotes":""},"categories":[2196,379,375,343],"tags":[440],"class_list":{"0":"post-58871","1":"post","2":"type-post","3":"status-publish","4":"format-standard","5":"has-post-thumbnail","7":"category-imperio","8":"category-novelas","9":"category-rede-globo","10":"category-televisao","11":"tag-noticia-novela"},"_links":{"self":[{"href":"https:\/\/migracao.redenoticia.com.br\/noticia\/wp-json\/wp\/v2\/posts\/58871","targetHints":{"allow":["GET"]}}],"collection":[{"href":"https:\/\/migracao.redenoticia.com.br\/noticia\/wp-json\/wp\/v2\/posts"}],"about":[{"href":"https:\/\/migracao.redenoticia.com.br\/noticia\/wp-json\/wp\/v2\/types\/post"}],"author":[{"embeddable":true,"href":"https:\/\/migracao.redenoticia.com.br\/noticia\/wp-json\/wp\/v2\/users\/2"}],"replies":[{"embeddable":true,"href":"https:\/\/migracao.redenoticia.com.br\/noticia\/wp-json\/wp\/v2\/comments?post=58871"}],"version-history":[{"count":0,"href":"https:\/\/migracao.redenoticia.com.br\/noticia\/wp-json\/wp\/v2\/posts\/58871\/revisions"}],"wp:featuredmedia":[{"embeddable":true,"href":"https:\/\/migracao.redenoticia.com.br\/noticia\/wp-json\/wp\/v2\/media\/205063"}],"wp:attachment":[{"href":"https:\/\/migracao.redenoticia.com.br\/noticia\/wp-json\/wp\/v2\/media?parent=58871"}],"wp:term":[{"taxonomy":"category","embeddable":true,"href":"https:\/\/migracao.redenoticia.com.br\/noticia\/wp-json\/wp\/v2\/categories?post=58871"},{"taxonomy":"post_tag","embeddable":true,"href":"https:\/\/migracao.redenoticia.com.br\/noticia\/wp-json\/wp\/v2\/tags?post=58871"}],"curies":[{"name":"wp","href":"https:\/\/api.w.org\/{rel}","templated":true}]}}