{"id":5889,"date":"2009-07-20T13:55:52","date_gmt":"2009-07-20T17:55:52","guid":{"rendered":"http:\/\/www.redenoticia.com.br\/noticia\/?p=5889"},"modified":"2009-07-20T13:55:52","modified_gmt":"2009-07-20T17:55:52","slug":"enem-alerta-candidatos-que-pediram-isencao-de-taxa","status":"publish","type":"post","link":"https:\/\/migracao.redenoticia.com.br\/noticia\/2009\/enem-alerta-candidatos-que-pediram-isencao-de-taxa\/5889","title":{"rendered":"ENEM alerta candidatos que pediram isen\u00e7\u00e3o de taxa"},"content":{"rendered":"<p style=\"margin: 0cm 0cm 0.0001pt;\"><span style=\"font-size: 11pt; font-family: Arial;\">ENEM &#8211; Os candidatos que pediram isen\u00e7\u00e3o da taxa devem confirmar se tiveram a reivindica\u00e7\u00e3o atendida. Caso contr\u00e1rio, precisam fazer o pagamento no prazo determinado.<\/span> <span style=\"font-size: 11pt; font-family: Arial;\">At\u00e9 quarta-feira, dia 22, o candidato poder\u00e1 imprimir o boleto e efetuar, na rede banc\u00e1ria, o pagamento da taxa de inscri\u00e7\u00e3o, de R$ 35. Est\u00e3o isentos os estudantes de escolas p\u00fablicas matriculados no \u00faltimo ano do ensino m\u00e9dio.<\/span><\/p>\n<p style=\"margin: 0cm 0cm 0.0001pt;\"><span style=\"font-size: 11pt; font-family: Arial;\"> <\/span><\/p>\n<p style=\"margin: 0cm 0cm 0.0001pt;\">\n<p style=\"margin: 0cm 0cm 0.0001pt;\"><span style=\"font-size: 11pt; font-family: Arial;\">O Exame Nacional do Ensino M\u00e9dio (Enem) de 2009 recebeu 4.576.126 de inscri\u00e7\u00f5es, n\u00famero registrado at\u00e9 as 23h59 de domingo, dia 19, quando o prazo foi encerrado. <\/span><\/p>\n<p style=\"margin: 0cm 0cm 0.0001pt;\"><span style=\"font-size: 11pt; font-family: Arial;\"> <\/span><\/p>\n<p style=\"margin: 0cm 0cm 0.0001pt;\">\n<p style=\"margin: 0cm 0cm 0.0001pt;\"><span style=\"font-size: 11pt; font-family: Arial;\">Ao longo dos 35 dias em que o sistema esteve dispon\u00edvel na internet, foram registrados 6.761.646 de acessos.<\/span> <span style=\"font-size: 11pt; font-family: Arial;\">Candidatos de 99 pa\u00edses tamb\u00e9m tiveram acesso ao sistema, que continua aberto para o acompanhamento das inscri\u00e7\u00f5es. Mesmo assim o n\u00famero de inscritos foi abaixo do esperado pelo MEC.<\/span><\/p>\n<p style=\"margin: 0cm 0cm 0.0001pt;\"><span style=\"font-size: 11pt; font-family: Arial;\"> <\/span><\/p>\n<p style=\"margin: 0cm 0cm 0.0001pt;\">\n<p style=\"margin: 0cm 0cm 0.0001pt;\"><span style=\"font-size: 11pt; font-family: Arial;\">ENEM Assessoria de Imprensa do Inep<\/span><\/p>\n","protected":false},"excerpt":{"rendered":"<p>ENEM &#8211; Os candidatos que pediram isen\u00e7\u00e3o da taxa devem confirmar se tiveram a reivindica\u00e7\u00e3o atendida. Caso contr\u00e1rio, precisam fazer o pagamento no prazo determinado. At\u00e9 quarta-feira, dia 22, o candidato poder\u00e1 imprimir o boleto e efetuar, na rede banc\u00e1ria, o pagamento da taxa de inscri\u00e7\u00e3o, de R$ 35. Est\u00e3o isentos os estudantes de escolas [&hellip;]<\/p>\n","protected":false},"author":3,"featured_media":0,"comment_status":"open","ping_status":"open","sticky":false,"template":"","format":"standard","meta":{"tdm_status":"","tdm_grid_status":"","footnotes":""},"categories":[22],"tags":[],"class_list":{"0":"post-5889","1":"post","2":"type-post","3":"status-publish","4":"format-standard","6":"category-brasil"},"_links":{"self":[{"href":"https:\/\/migracao.redenoticia.com.br\/noticia\/wp-json\/wp\/v2\/posts\/5889","targetHints":{"allow":["GET"]}}],"collection":[{"href":"https:\/\/migracao.redenoticia.com.br\/noticia\/wp-json\/wp\/v2\/posts"}],"about":[{"href":"https:\/\/migracao.redenoticia.com.br\/noticia\/wp-json\/wp\/v2\/types\/post"}],"author":[{"embeddable":true,"href":"https:\/\/migracao.redenoticia.com.br\/noticia\/wp-json\/wp\/v2\/users\/3"}],"replies":[{"embeddable":true,"href":"https:\/\/migracao.redenoticia.com.br\/noticia\/wp-json\/wp\/v2\/comments?post=5889"}],"version-history":[{"count":0,"href":"https:\/\/migracao.redenoticia.com.br\/noticia\/wp-json\/wp\/v2\/posts\/5889\/revisions"}],"wp:attachment":[{"href":"https:\/\/migracao.redenoticia.com.br\/noticia\/wp-json\/wp\/v2\/media?parent=5889"}],"wp:term":[{"taxonomy":"category","embeddable":true,"href":"https:\/\/migracao.redenoticia.com.br\/noticia\/wp-json\/wp\/v2\/categories?post=5889"},{"taxonomy":"post_tag","embeddable":true,"href":"https:\/\/migracao.redenoticia.com.br\/noticia\/wp-json\/wp\/v2\/tags?post=5889"}],"curies":[{"name":"wp","href":"https:\/\/api.w.org\/{rel}","templated":true}]}}