{"id":5892,"date":"2009-07-20T14:02:55","date_gmt":"2009-07-20T18:02:55","guid":{"rendered":"http:\/\/www.redenoticia.com.br\/noticia\/?p=5892"},"modified":"2009-07-20T14:02:55","modified_gmt":"2009-07-20T18:02:55","slug":"indice-cni-demonstra-que-empresario-esta-confiante-pela-primeira-vez-em-2009","status":"publish","type":"post","link":"https:\/\/migracao.redenoticia.com.br\/noticia\/2009\/indice-cni-demonstra-que-empresario-esta-confiante-pela-primeira-vez-em-2009\/5892","title":{"rendered":"\u00cdndice CNI demonstra que empres\u00e1rio est\u00e1 confiante pela primeira vez em 2009"},"content":{"rendered":"<p><strong><br \/>\n<\/strong><\/p>\n<p>Pela primeira vez em 2009 o empres\u00e1rio da ind\u00fastria brasileira est\u00e1 confiante, de acordo com o \u00cdndice de Confian\u00e7a do Empres\u00e1rio Industrial (ICEI), pesquisa trimestral realizada pela Confedera\u00e7\u00e3o Nacional da Ind\u00fastria (CNI). O ICEI teve uma recupera\u00e7\u00e3o de 8,8 pontos nesta edi\u00e7\u00e3o na compara\u00e7\u00e3o com a pesquisa anterior, de abril, tendo subido de 49,4 pontos para 58,2 pontos. No mesmo m\u00eas de 2008, o indicador fora de 58,1 pontos. Pela metodologia da pesquisa, valores abaixo de 50 pontos indicam falta de confian\u00e7a e valores acima denotam confian\u00e7a.<\/p>\n<p>Segundo a avalia\u00e7\u00e3o feita pela CNI sobre os resultados da pesquisa, &#8220;o crescimento do ICEI em julho corrobora a revers\u00e3o das expectativas negativas e anuncia a recupera\u00e7\u00e3o da atividade industrial&#8221;. Para a CNI, com a confian\u00e7a maior os empres\u00e1rios dever\u00e3o retomar investimentos e aumentar a produ\u00e7\u00e3o.<\/p>\n<p>A pesquisa divulgada nesta segunda-feira (20\/07) pela CNI foi realizada com 1.513 empresas (891 pequenas, 415 m\u00e9dias e 207 grandes), entre os dias 30 de junho e 17 deste m\u00eas.<\/p>\n<p>O indicador cresceu em julho entre os empres\u00e1rios dos tr\u00eas portes de empresas. Nas grandes empresas, o \u00edndice passou de 51,8 pontos em abril para 59,4 pontos em julho. No mesmo per\u00edodo do ano passado, o n\u00famero era de 59,9 pontos. Entre as m\u00e9dias, cresceu de 48,8 pontos em abril para 58,5 pontos. Entre as pequenas, saiu de 46,8 pontos na pesquisa anterior para 56,2 pontos.<\/p>\n<p>A recupera\u00e7\u00e3o da confian\u00e7a tamb\u00e9m foi disseminada entre os setores de atividades pesquisados. Dos 27 setores industriais, 25 apresentaram aumento da confian\u00e7a do empres\u00e1rio. Na pesquisa anterior, um ter\u00e7o dos setores teve \u00edndice acima dos 50 pontos.<\/p>\n<p>A maior confian\u00e7a foi registrada entre os empres\u00e1rios do setor de outros equipamentos de transporte, com 63,5 pontos. Foi seguido do setor de equipamentos hospitalares e de precis\u00e3o, com 62,8 pontos, e de limpeza e perfumaria, com 62,2 pontos. Os que registraram os menores indicadores de confian\u00e7a foram os de couro (44 pontos), madeira (47,4 pontos) e papel e celulose (51,9 pontos).<\/p>\n<p>Expectativas<\/p>\n<p>A expectativa dos empres\u00e1rios com rela\u00e7\u00e3o aos pr\u00f3ximos seis meses tamb\u00e9m melhorou, de acordo com o ICEI calculado pela CNI. Esse indicador ficou em 63,6 pontos em julho, ante 61,6 pontos no mesmo m\u00eas de 2008 e 57,6 pontos em abril. A expectativa do empres\u00e1rio em rela\u00e7\u00e3o \u00e0 economia brasileira saiu de 52,3 pontos em abril para 60,6 pontos na atual edi\u00e7\u00e3o. Em rela\u00e7\u00e3o \u00e0 pr\u00f3pria empresa, a expectativa para os pr\u00f3ximos seis meses \u00e9 ainda maior, tendo sa\u00eddo de 60 pontos em abril para 65,1 pontos em julho.<\/p>\n<p>Quando questionado sobre as condi\u00e7\u00f5es atuais, o empres\u00e1rio ainda se mostrou desconfiado, mas menos pessimista do que na pesquisa anterior. Esse indicador saiu de 33,2 pontos, ou seja, muito negativo, para 47,2 pontos, ainda negativo mas pr\u00f3ximo da linha dos 50 pontos.<\/p>\n<p>Em rela\u00e7\u00e3o \u00e0s condi\u00e7\u00f5es atuais da economia brasileira, o indicador saiu de 27 pontos em abril para 45,7 pontos em julho. No mesmo per\u00edodo de 2008, era de 47,1 pontos. Em rela\u00e7\u00e3o \u00e0s condi\u00e7\u00f5es atuais da pr\u00f3pria empresa, o indicador saiu de 36,1 pontos em abri para 48 pontos na pesquisa atual (em julho do ano passado, era de 53,2 pontos).<\/p>\n","protected":false},"excerpt":{"rendered":"<p>Pela primeira vez em 2009 o empres\u00e1rio da ind\u00fastria brasileira est\u00e1 confiante, de acordo com o \u00cdndice de Confian\u00e7a do Empres\u00e1rio Industrial (ICEI), pesquisa trimestral realizada pela Confedera\u00e7\u00e3o Nacional da Ind\u00fastria (CNI). O ICEI teve uma recupera\u00e7\u00e3o de 8,8 pontos nesta edi\u00e7\u00e3o na compara\u00e7\u00e3o com a pesquisa anterior, de abril, tendo subido de 49,4 pontos [&hellip;]<\/p>\n","protected":false},"author":3,"featured_media":0,"comment_status":"open","ping_status":"open","sticky":false,"template":"","format":"standard","meta":{"tdm_status":"","tdm_grid_status":"","footnotes":""},"categories":[22,7],"tags":[],"class_list":{"0":"post-5892","1":"post","2":"type-post","3":"status-publish","4":"format-standard","6":"category-brasil","7":"category-economia"},"_links":{"self":[{"href":"https:\/\/migracao.redenoticia.com.br\/noticia\/wp-json\/wp\/v2\/posts\/5892","targetHints":{"allow":["GET"]}}],"collection":[{"href":"https:\/\/migracao.redenoticia.com.br\/noticia\/wp-json\/wp\/v2\/posts"}],"about":[{"href":"https:\/\/migracao.redenoticia.com.br\/noticia\/wp-json\/wp\/v2\/types\/post"}],"author":[{"embeddable":true,"href":"https:\/\/migracao.redenoticia.com.br\/noticia\/wp-json\/wp\/v2\/users\/3"}],"replies":[{"embeddable":true,"href":"https:\/\/migracao.redenoticia.com.br\/noticia\/wp-json\/wp\/v2\/comments?post=5892"}],"version-history":[{"count":0,"href":"https:\/\/migracao.redenoticia.com.br\/noticia\/wp-json\/wp\/v2\/posts\/5892\/revisions"}],"wp:attachment":[{"href":"https:\/\/migracao.redenoticia.com.br\/noticia\/wp-json\/wp\/v2\/media?parent=5892"}],"wp:term":[{"taxonomy":"category","embeddable":true,"href":"https:\/\/migracao.redenoticia.com.br\/noticia\/wp-json\/wp\/v2\/categories?post=5892"},{"taxonomy":"post_tag","embeddable":true,"href":"https:\/\/migracao.redenoticia.com.br\/noticia\/wp-json\/wp\/v2\/tags?post=5892"}],"curies":[{"name":"wp","href":"https:\/\/api.w.org\/{rel}","templated":true}]}}