{"id":5894,"date":"2009-07-20T14:04:40","date_gmt":"2009-07-20T18:04:40","guid":{"rendered":"http:\/\/www.redenoticia.com.br\/noticia\/?p=5894"},"modified":"2009-07-27T02:06:49","modified_gmt":"2009-07-27T02:06:49","slug":"climatempo-alerta-sobre-ar-seco-no-centro-norte-do-brasil","status":"publish","type":"post","link":"https:\/\/migracao.redenoticia.com.br\/noticia\/2009\/climatempo-alerta-sobre-ar-seco-no-centro-norte-do-brasil\/5894","title":{"rendered":"Climatempo alerta sobre ar seco no Centro-Norte do Brasil"},"content":{"rendered":"<p>Climatempo alerta para os n\u00edveis de umidade relativa do ar. Como \u00e9 comum nesta \u00e9poca do ano, o ar fica bastante seco no centro-norte do Brasil. N\u00edveis de umidade relativa abaixo de 20% v\u00e3o ficando cada vez mais comuns. Com o ar seco, a quantidade de nuvens e condi\u00e7\u00f5es de chuva diminui muito.<br \/>\nDe acordo com o Instituto Nacional de Meteorologia, em Palmas a \u00faltima chuva ocorreu entre os dias 18 e 19 de junho. Mas a chuva foi leve, acumulando apenas 5 mm. Na pr\u00e1tica, a \u00faltima chuva significativa foi entre os dias 1\u00ba e 2 de junho, quando choveu 30 mil\u00edmetros.<br \/>\nBras\u00edlia teve chuva r\u00e1pida por tr\u00eas vezes durante o m\u00eas de junho e foi at\u00e9 demais. Para se ter id\u00e9ia de como a capital federal j\u00e1 \u00e9 seca em junho, a m\u00e9dia de chuva \u00e9 de apenas 8,8 mil\u00edmetros. Choveu 9,3 mil\u00edmetros no m\u00eas passado, de acordo com o Instituto Nacional de Meteorologia.<\/p>\n<p>De acordo com os meteorologistas da Climatempo, este ar seco j\u00e1 se expandiu para o interior do Nordeste e tamb\u00e9m para os estados de Rond\u00f4nia, Acre e o sul do Amazonas. No fim de semana, a umidade relativa do ar chegou a 18% em algumas \u00e1reas de Bras\u00edlia e a 24% em Goi\u00e2nia. As medi\u00e7\u00f5es s\u00e3o dos aeroportos locais. Em Palmas, a umidade do ar chegou a 29%. Em Porto Velho, o Instituto Nacional de Meteorologia mediu 34% de umidade, \u00e0s 15 horas deste domingo.<\/p>\n<p>Os n\u00edveis de umidade tendem a baixar mais no decorrer desta tarde, com o crescente aquecimento do ar. Amanh\u00e3, a previs\u00e3o se repete. A umidade relativa do ar pode ficar abaixo de 30%, em \u00e1reas isoladas no centro-sul e leste de Mato Grosso, Goi\u00e1s, Distrito Federal e sul de Tocantins.<\/p>\n<p>Sobre o Grupo Climatempo<\/p>\n<p>O Grupo Climatempo \u00e9 a maior empresa privada de meteorologia do pa\u00eds. Uma holding formada pela Climatempo Consultoria, Ag\u00eancia Climatempo, a TV Climatempo e a CLIMANET (Internet, servi\u00e7os de tecnologia e inform\u00e1tica). Atualmente, o Grupo Climatempo fornece conte\u00fado para os principais portais do pa\u00eds, mais de 50 retransmissoras de televis\u00e3o do Brasil, r\u00e1dios e tem cerca de mil clientes. Os dois principais segmentos atendidos s\u00e3o o de agroneg\u00f3cios e meios de comunica\u00e7\u00e3o. Al\u00e9m destes, fornece conte\u00fado meteorol\u00f3gico estrat\u00e9gico para produtoras, a ind\u00fastria eletroeletr\u00f4nica e t\u00eaxtil, com\u00e9rcio, moda e turismo, constru\u00e7\u00e3o civil, setor de energia, entre outros setores.<\/p>\n<p>O Grupo \u00e9 presidido pelo meteorologista Carlos Magno, um dos primeiros comunicadores da profiss\u00e3o no Pa\u00eds, com mais de 23 anos de carreira, que ajudou a mudar a cultura que o brasileiro tinha sobre a meteorologia. O Grupo Climatempo conta ainda com Ana L\u00facia Frony vice-presidente, Renato Urbinder, s\u00f3cio-diretor (Diretor de Neg\u00f3cios e Projetos Especiais), e os diretores executivos Gilca Palma (Climatempo Meteorologia), Andr\u00e9 Madeira (Ag\u00eancia Climatempo) e o jornalista Paulo Polli (TV Climatempo) no Conselho Consultivo.<\/p>\n","protected":false},"excerpt":{"rendered":"<p>Climatempo alerta para os n\u00edveis de umidade relativa do ar. Como \u00e9 comum nesta \u00e9poca do ano, o ar fica bastante seco no centro-norte do Brasil. N\u00edveis de umidade relativa abaixo de 20% v\u00e3o ficando cada vez mais comuns. Com o ar seco, a quantidade de nuvens e condi\u00e7\u00f5es de chuva diminui muito. De acordo [&hellip;]<\/p>\n","protected":false},"author":3,"featured_media":0,"comment_status":"open","ping_status":"open","sticky":false,"template":"","format":"standard","meta":{"tdm_status":"","tdm_grid_status":"","footnotes":""},"categories":[22,327],"tags":[],"class_list":{"0":"post-5894","1":"post","2":"type-post","3":"status-publish","4":"format-standard","6":"category-brasil","7":"category-clima"},"_links":{"self":[{"href":"https:\/\/migracao.redenoticia.com.br\/noticia\/wp-json\/wp\/v2\/posts\/5894","targetHints":{"allow":["GET"]}}],"collection":[{"href":"https:\/\/migracao.redenoticia.com.br\/noticia\/wp-json\/wp\/v2\/posts"}],"about":[{"href":"https:\/\/migracao.redenoticia.com.br\/noticia\/wp-json\/wp\/v2\/types\/post"}],"author":[{"embeddable":true,"href":"https:\/\/migracao.redenoticia.com.br\/noticia\/wp-json\/wp\/v2\/users\/3"}],"replies":[{"embeddable":true,"href":"https:\/\/migracao.redenoticia.com.br\/noticia\/wp-json\/wp\/v2\/comments?post=5894"}],"version-history":[{"count":0,"href":"https:\/\/migracao.redenoticia.com.br\/noticia\/wp-json\/wp\/v2\/posts\/5894\/revisions"}],"wp:attachment":[{"href":"https:\/\/migracao.redenoticia.com.br\/noticia\/wp-json\/wp\/v2\/media?parent=5894"}],"wp:term":[{"taxonomy":"category","embeddable":true,"href":"https:\/\/migracao.redenoticia.com.br\/noticia\/wp-json\/wp\/v2\/categories?post=5894"},{"taxonomy":"post_tag","embeddable":true,"href":"https:\/\/migracao.redenoticia.com.br\/noticia\/wp-json\/wp\/v2\/tags?post=5894"}],"curies":[{"name":"wp","href":"https:\/\/api.w.org\/{rel}","templated":true}]}}