{"id":5897,"date":"2009-07-20T14:19:59","date_gmt":"2009-07-20T18:19:59","guid":{"rendered":"http:\/\/www.redenoticia.com.br\/noticia\/?p=5897"},"modified":"2009-08-05T00:33:05","modified_gmt":"2009-08-05T04:33:05","slug":"record-divulga-que-audiencia-da-eliminacao-da-mirella-da-fazenda-venceu-reality-concorrente","status":"publish","type":"post","link":"https:\/\/migracao.redenoticia.com.br\/noticia\/2009\/record-divulga-que-audiencia-da-eliminacao-da-mirella-da-fazenda-venceu-reality-concorrente\/5897","title":{"rendered":"Record divulga que audi\u00eancia da elimina\u00e7\u00e3o da Mirella da Fazenda venceu reality concorrente"},"content":{"rendered":"<p>Com a elimina\u00e7\u00e3o de Mirella Santos, o programa A Fazenda da Record exibido ontem (19\/07) registrou \u00f3timos n\u00fameros de audi\u00eancia garantindo a Record o segundo lugar isolado no ranking das audi\u00eancias com 17 pontos de m\u00e9dia, 24 de pico e 25% de share, na faixa das 21h29 \u00e0s 23h30.<br \/>\nDurante 29 minutos o programa A Fazenda da Record ficou em primeiro lugar na audi\u00eancia. Em confronto com o reality show da emissora concorrente, na faixa das 23h01 \u00e0s 23h30, A Fazenda teve lideran\u00e7a absoluta com 21 pontos, contra os 16 pontos registrados pelo programa concorrente.<\/p>\n<p>No s\u00e1bado (18\/07), A Fazenda registrou 12 pontos de m\u00e9dia, 16 de pico e 19% de share na faixa das 21h30 \u00c0s 22h50, consolidando a vice-lideran\u00e7a isolada no ranking das audi\u00eancias.<\/p>\n<p>No Rio de Janeiro, os dados da audi\u00eancia tamb\u00e9m se mostraram excelentes para a Record com transmiss\u00e3o de A Fazenda na noite de ontem (19\/07). Na faixa das 21h29 \u00e0s 23h30, o programa registrou 17 pontos e 26% de share, garantindo o segundo lugar isolado.<\/p>\n<p>No confronto com o reality show da concorr\u00eancia, na faixa das 23h01 \u00e0s 23h30, A Fazenda tamb\u00e9m consolidou a lideran\u00e7a absoluta com 22 pontos contra 19 da emissora concorrente.<\/p>\n<p>Fonte: Ibope MW GSP e RJ dados domiciliares (Os \u00edndices apresentados s\u00e3o n\u00fameros consolidados, destacando o patamar de audi\u00eancia sem casa decimal).<\/p>\n","protected":false},"excerpt":{"rendered":"<p>Com a elimina\u00e7\u00e3o de Mirella Santos, o programa A Fazenda da Record exibido ontem (19\/07) registrou \u00f3timos n\u00fameros de audi\u00eancia garantindo a Record o segundo lugar isolado no ranking das audi\u00eancias com 17 pontos de m\u00e9dia, 24 de pico e 25% de share, na faixa das 21h29 \u00e0s 23h30. Durante 29 minutos o programa A [&hellip;]<\/p>\n","protected":false},"author":3,"featured_media":0,"comment_status":"open","ping_status":"open","sticky":false,"template":"","format":"standard","meta":{"tdm_status":"","tdm_grid_status":"","footnotes":""},"categories":[22,343],"tags":[],"class_list":{"0":"post-5897","1":"post","2":"type-post","3":"status-publish","4":"format-standard","6":"category-brasil","7":"category-televisao"},"_links":{"self":[{"href":"https:\/\/migracao.redenoticia.com.br\/noticia\/wp-json\/wp\/v2\/posts\/5897","targetHints":{"allow":["GET"]}}],"collection":[{"href":"https:\/\/migracao.redenoticia.com.br\/noticia\/wp-json\/wp\/v2\/posts"}],"about":[{"href":"https:\/\/migracao.redenoticia.com.br\/noticia\/wp-json\/wp\/v2\/types\/post"}],"author":[{"embeddable":true,"href":"https:\/\/migracao.redenoticia.com.br\/noticia\/wp-json\/wp\/v2\/users\/3"}],"replies":[{"embeddable":true,"href":"https:\/\/migracao.redenoticia.com.br\/noticia\/wp-json\/wp\/v2\/comments?post=5897"}],"version-history":[{"count":0,"href":"https:\/\/migracao.redenoticia.com.br\/noticia\/wp-json\/wp\/v2\/posts\/5897\/revisions"}],"wp:attachment":[{"href":"https:\/\/migracao.redenoticia.com.br\/noticia\/wp-json\/wp\/v2\/media?parent=5897"}],"wp:term":[{"taxonomy":"category","embeddable":true,"href":"https:\/\/migracao.redenoticia.com.br\/noticia\/wp-json\/wp\/v2\/categories?post=5897"},{"taxonomy":"post_tag","embeddable":true,"href":"https:\/\/migracao.redenoticia.com.br\/noticia\/wp-json\/wp\/v2\/tags?post=5897"}],"curies":[{"name":"wp","href":"https:\/\/api.w.org\/{rel}","templated":true}]}}