{"id":58985,"date":"2014-08-29T20:09:20","date_gmt":"2014-08-29T23:09:20","guid":{"rendered":"http:\/\/www.redenoticia.com.br\/noticia\/?p=58985"},"modified":"2014-08-29T20:09:19","modified_gmt":"2014-08-29T23:09:19","slug":"novela-geracao-brasil-jonas-acha-que-nao-pode-ter-filhos-e-desconfia-de-veronica","status":"publish","type":"post","link":"https:\/\/migracao.redenoticia.com.br\/noticia\/2014\/novela-geracao-brasil-jonas-acha-que-nao-pode-ter-filhos-e-desconfia-de-veronica\/58985","title":{"rendered":"Novela \u201cGera\u00e7\u00e3o Brasil\u201d: Vicente questiona a m\u00e3e por ela se envolver com um homem casado"},"content":{"rendered":"<p><a href=\"https:\/\/migracao.redenoticia.com.br\/noticia\/imagens\/geracao_brasil_novela_globo_resumo.jpg.jpg\"><img loading=\"lazy\" decoding=\"async\" class=\"alignleft size-medium wp-image-54394\" src=\"https:\/\/migracao.redenoticia.com.br\/noticia\/imagens\/geracao_brasil_novela_globo_resumo.jpg-187x187.jpg\" alt=\"geracao_brasil_novela_globo_resumo.jpg\" width=\"187\" height=\"187\" srcset=\"https:\/\/migracao.redenoticia.com.br\/noticia\/imagens\/geracao_brasil_novela_globo_resumo.jpg-187x187.jpg 187w, https:\/\/migracao.redenoticia.com.br\/noticia\/imagens\/geracao_brasil_novela_globo_resumo.jpg.jpg 300w, https:\/\/migracao.redenoticia.com.br\/noticia\/imagens\/geracao_brasil_novela_globo_resumo.jpg-150x150.jpg 150w, https:\/\/migracao.redenoticia.com.br\/noticia\/imagens\/geracao_brasil_novela_globo_resumo.jpg-110x110.jpg 110w, https:\/\/migracao.redenoticia.com.br\/noticia\/imagens\/geracao_brasil_novela_globo_resumo.jpg-50x50.jpg 50w\" sizes=\"auto, (max-width: 187px) 100vw, 187px\" \/><\/a><strong><em>Novela \u201cGera\u00e7\u00e3o Brasil\u201d:<\/em><\/strong> Vicente (Max Lima) flagra Ver\u00f4nica (Ta\u00eds Ara\u00fajo) no maior clima com Jonas (Murilo Ben\u00edcio). Ver\u00f4nica tenta disfar\u00e7ar, mas Vicente questiona a m\u00e3e por ela se envolver com um homem casado. Os dois discutem e Ver\u00f4nica decide romper o relacionamento at\u00e9 que Jonas termine seu casamento de fachada com Pamela (Cl\u00e1udia Abreu). Dias depois, Vicente compreende a m\u00e3e, Jonas e Pamela se separam definitivamente e Ver\u00f4nica (Ta\u00eds Ara\u00fajo) descobre que espera um filho do magnata. Ela conta sobre a gesta\u00e7\u00e3o para Jonas. Ele acredita que n\u00e3o pode ter filhos por ter tido cachumba na inf\u00e2ncia e desconfia de Ver\u00f4nica. Depois, ele aceita a ideia de ser pai.<\/p>\n<p>Fonte Rede Globo \u2013 nos pr\u00f3ximos cap\u00edtulos da novela \u201cGera\u00e7\u00e3o Brasil\u201d Ludmila teme ser descoberta como c\u00famplice, e B\u00f3ris tenta tranquiliz\u00e1-la. Manuela fica alterada, e Arthur se preocupa. Manuela desmaia no colo de Davi, que a socorre com Edmilson e Megan. Pamela come\u00e7a a mudar seu comportamento no evento. Susana e Dorothy ficam alarmadas quando Brian e Lara dizem que levar\u00e3o Tom\u00e1s para a lua de mel. Jonas fica chocado ao ver Pamela dan\u00e7ando com Ernesto. Breno avisa a Davi que Manuela pode ter sido intoxicada. Pamela faz um show e convence Jesus a firmar parceria com a Marra. Rita e Fred pensam um no outro. Gl\u00e1ucia faz intriga de Pamela para Jonas. Megan fica chateada quando Davi prefere ir embora a passar a noite com ela. Arthur cuida de Manuela. Pamela se imp\u00f5e diante de Jonas. Arthur e Manuela se beijam. Pamela seduz Jonas. Jonas leva Pamela para deitar. Manuela pensa em Davi e Arthur. Megan discute com Jonas e decide sair de casa. Rita confessa para Valdeci que quase beijou Fred. Zac V\u00edrus conta para Manuela que B\u00f3ris tamb\u00e9m boicotou Ernesto na festa Gal\u00e1xia Andr\u00f4meda. Dorothy ouve Jonas falando de Ver\u00f4nica para Brian. Megan conta para Davi sobre a briga com o pai, e Herval se anima. Jonas demite B\u00f3ris. Jonas procura Ver\u00f4nica. Rita se encontra por acaso com Fred. Dorothy conta para Pamela que Megan saiu de casa. Davi v\u00ea Manuela e Arthur se beijando. Vicente flagra Ver\u00f4nica e Jonas juntos. Ver\u00f4nica e Jonas tentam disfar\u00e7ar, mas Vicente percebe o clima entre os dois. Megan e Davi encontram com Manuela e Arthur na Gambiarra. Ludmila se insinua para Ernesto. Dorothy exige que Brian conte sobre o romance entre Jonas e Ver\u00f4nica. Mosca revela para Manuela que Megan vai morar com Davi. Ver\u00f4nica decide se afastar de Jonas por causa de Vicente. Pamela encontra Herval na Plugar. Dorothy questiona Barata sobre Ver\u00f4nica. Moreira avisa a Pamela que o Gera\u00e7\u00e3o Nem-Nem vai sair do ar. Matias conta para Danusa que se inscreveu em um curso pela internet. Rita pensa em Fred e fica desconcertada na presen\u00e7a de Dante. Pamela pede para Jonas sair de casa, e Gl\u00e1ucia implora que o filho a deixe ficar na mans\u00e3o. Manuela e Arthur ficam juntos. Ver\u00f4nica diz a Jonas que eles precisam se afastar. Herval manda para Pamela as imagens de Jonas e Ver\u00f4nica juntos.<\/p>\n<p>Pamela descobre o romance entre Jonas e Ver\u00f4nica. Danusa faz um jantar especial para Matias. Rita fica desconfort\u00e1vel com Dante. Pamela sofre um acidente. Herval conta para Pamela que flagrou Jonas e Ver\u00f4nica juntos em Florian\u00f3polis. Jonas v\u00ea Herval e Pamela juntos. Ver\u00f4nica confidencia a Edna que foi flagrada com Jonas em sua casa. Pamela revela para Jesus que est\u00e1 se separando do marido e declara guerra contra ele. Pamela enfrenta Jonas e amea\u00e7a tomar a Marra. Rita se espanta ao saber que Herval levou Pamela para o hospital. Dorothy decide contar para Barata sobre o romance entre Jonas e Ver\u00f4nica. Pamela pede para Megan voltar para casa. Tom\u00e1s conta para Shin que Lara se casar\u00e1 com Brian. Ver\u00f4nica e Vicente se reconciliam. Herval sugere fazer um evento na Plugar para demonstrar o J\u00fanior. Davi desconfia ter visto Zac V\u00edrus saindo da casa de Manuela. Ver\u00f4nica se encontra com Jonas. Herval chega \u00e0 mans\u00e3o de Pamela. Jonas se declara para Ver\u00f4nica. Pamela pede um pouco mais de tempo para Herval. Manuela l\u00ea as instru\u00e7\u00f5es de Zac V\u00edrus. Arthur garante a Manuela que seu pai ser\u00e1 libertado ap\u00f3s o julgamento. Vicente conta para Jonas que o J\u00fanior ser\u00e1 apresentado na Plugar. Manuela contribui anonimamente para o financiamento do J\u00fanior. Ernesto inicia a apresenta\u00e7\u00e3o do J\u00fanior, e Pamela se interessa pelo projeto. Tom\u00e1s estreia na TV e surpreende Shin. Shin avisa a Lara que viajar\u00e1 para a Coreia. Barata flagra Jonas com Ver\u00f4nica e Vicente. Pamela e Herval t\u00eam sua primeira noite de amor.<\/p>\n<p>Lara comenta com Susana que n\u00e3o gosta de ver Shin sofrendo. Barata tem uma crise de choro por causa de Ver\u00f4nica. Dorothy impede Gl\u00e1ucia de contar para Megan sobre Jonas e Ver\u00f4nica. Todos se animam com o churrasco na mans\u00e3o Marra para comemorar o sucesso do J\u00fanior. Matias recebe o resultado de seu teste e conta para Danusa. Manuela comenta com Arthur que acredita que Fred ser\u00e1 solto. Marisa flagra Gl\u00e1ucia com Aroeira. O J\u00fanior atinge a meta para ser produzido, e Davi se emociona. Gl\u00e1ucia tenta disfar\u00e7ar o envolvimento com Aroeira, mas Marisa fica intrigada. Mad\u00e1 e Marlene reconhecem o delegado. Vicente faz uma declara\u00e7\u00e3o carinhosa para Barata. Davi chama Matias para trabalhar com ele na Brazuca. Luene tenta seduzir Brian, que a expulsa de seu quarto. Rita pensa em Fred e se sente culpada quando Dante chega em casa. Brian tem uma crise de p\u00e2nico. Fred volta a morar com Manuela. Jonas fica abalado ao ver Pamela. Dorothy avisa a Lara sobre o estado de Brian. Lara consegue trazer Brian de volta. Danusa se surpreende com a not\u00edcia de que Matias trabalhar\u00e1 com Davi. Rita se surpreende quando Manuela lhe apresenta para Fred. Brian e Lara se casam. Marlene conta para Iracema que viu Gl\u00e1ucia com Aroeira. Jonas tenta se reaproximar de Megan. Manuela flagra Fred em um telefonema misterioso. Dante avisa a Rita que vai viajar. Gl\u00e1ucia conta para Megan que Jonas est\u00e1 com Ver\u00f4nica. Chang aparece na frente de Brian, Lara e Tom\u00e1s. Megan vai procurar Jonas e o flagra com Ver\u00f4nica.<\/p>\n","protected":false},"excerpt":{"rendered":"<p>Novela \u201cGera\u00e7\u00e3o Brasil\u201d: Vicente (Max Lima) flagra Ver\u00f4nica (Ta\u00eds Ara\u00fajo) no maior clima com Jonas (Murilo Ben\u00edcio). Ver\u00f4nica tenta disfar\u00e7ar, mas Vicente questiona a m\u00e3e por ela se envolver com um homem casado. Os dois discutem e Ver\u00f4nica decide romper o relacionamento at\u00e9 que Jonas termine seu casamento de fachada com Pamela (Cl\u00e1udia Abreu). Dias [&hellip;]<\/p>\n","protected":false},"author":2,"featured_media":54394,"comment_status":"open","ping_status":"closed","sticky":false,"template":"","format":"standard","meta":{"tdm_status":"","tdm_grid_status":"","footnotes":""},"categories":[379,375,343],"tags":[],"class_list":{"0":"post-58985","1":"post","2":"type-post","3":"status-publish","4":"format-standard","5":"has-post-thumbnail","7":"category-novelas","8":"category-rede-globo","9":"category-televisao"},"_links":{"self":[{"href":"https:\/\/migracao.redenoticia.com.br\/noticia\/wp-json\/wp\/v2\/posts\/58985","targetHints":{"allow":["GET"]}}],"collection":[{"href":"https:\/\/migracao.redenoticia.com.br\/noticia\/wp-json\/wp\/v2\/posts"}],"about":[{"href":"https:\/\/migracao.redenoticia.com.br\/noticia\/wp-json\/wp\/v2\/types\/post"}],"author":[{"embeddable":true,"href":"https:\/\/migracao.redenoticia.com.br\/noticia\/wp-json\/wp\/v2\/users\/2"}],"replies":[{"embeddable":true,"href":"https:\/\/migracao.redenoticia.com.br\/noticia\/wp-json\/wp\/v2\/comments?post=58985"}],"version-history":[{"count":0,"href":"https:\/\/migracao.redenoticia.com.br\/noticia\/wp-json\/wp\/v2\/posts\/58985\/revisions"}],"wp:featuredmedia":[{"embeddable":true,"href":"https:\/\/migracao.redenoticia.com.br\/noticia\/wp-json\/wp\/v2\/media\/54394"}],"wp:attachment":[{"href":"https:\/\/migracao.redenoticia.com.br\/noticia\/wp-json\/wp\/v2\/media?parent=58985"}],"wp:term":[{"taxonomy":"category","embeddable":true,"href":"https:\/\/migracao.redenoticia.com.br\/noticia\/wp-json\/wp\/v2\/categories?post=58985"},{"taxonomy":"post_tag","embeddable":true,"href":"https:\/\/migracao.redenoticia.com.br\/noticia\/wp-json\/wp\/v2\/tags?post=58985"}],"curies":[{"name":"wp","href":"https:\/\/api.w.org\/{rel}","templated":true}]}}