{"id":5910,"date":"2009-07-20T15:23:53","date_gmt":"2009-07-20T19:23:53","guid":{"rendered":"http:\/\/www.redenoticia.com.br\/noticia\/?p=5910"},"modified":"2009-07-20T15:23:53","modified_gmt":"2009-07-20T19:23:53","slug":"unifesp-promove-curso-de-capacitacao-em-sindrome-pos-poliomielite","status":"publish","type":"post","link":"https:\/\/migracao.redenoticia.com.br\/noticia\/2009\/unifesp-promove-curso-de-capacitacao-em-sindrome-pos-poliomielite\/5910","title":{"rendered":"UNIFESP promove curso de capacita\u00e7\u00e3o em S\u00edndrome P\u00f3s-Poliomielite"},"content":{"rendered":"<p align=\"center\"><em>Parceria com o Minist\u00e9rio da Sa\u00fade oferecer\u00e1, gratuitamente, aulas te\u00f3ricas e pr\u00e1ticas para profissionais da sa\u00fade<\/em><\/p>\n<p><strong> <\/strong><\/p>\n<p><strong> <\/strong><\/p>\n<p>Em parceria com o Minist\u00e9rio da Sa\u00fade, a Universidade Federal de S\u00e3o Paulo promover\u00e1, a partir do segundo semestre deste ano, o primeiro curso de capacita\u00e7\u00e3o para o diagn\u00f3stico e tratamento da S\u00edndrome P\u00f3s-Poliomielite (SPP) para profissionais com gradua\u00e7\u00e3o na \u00e1rea da sa\u00fade de todo o pa\u00eds.<\/p>\n<p>Desde o final de 2008, a SSP foi inclu\u00edda no Cat\u00e1logo Internacional\u00a0de Doen\u00e7as (CID), ap\u00f3s uma iniciativa in\u00e9dita brasileira, junto a um comit\u00ea internacional.<\/p>\n<p>A batalha para incluir a s\u00edndrome no CID come\u00e7ou em 2004, quando Acary Bulle Oliveira, Abrah\u00e3o Augusto Juviniano Quadros e M\u00f4nica Tille Reis Pessoa Conde, do Setor de Investiga\u00e7\u00e3o de Doen\u00e7as Neuromusculares da UNIFESP, elaboraram o documento t\u00e9cnico da S\u00edndrome P\u00f3s-Poliomielite e conseguiram sensibilizar autoridades da Sa\u00fade e o respons\u00e1vel do Centro Brasileiro de Classifica\u00e7\u00e3o de Doen\u00e7as, Rui Laurenti.<\/p>\n<p>A medida beneficiar\u00e1 milhares de pessoas no Brasil e no mundo, todas com seq\u00fcelas de poliomielite e 68% delas com probabilidade de desenvolverem a nova doen\u00e7a.<\/p>\n<p>\u201cAgora, com o reconhecimento e a inclus\u00e3o da s\u00edndrome no CID e j\u00e1 constando no novo cat\u00e1logo que ser\u00e1 publicado em 2010, \u00e9 de primordial import\u00e2ncia que os profissionais estejam aptos a diagnosticar e tratar pacientes acometidos por essa nova doen\u00e7a\u201d, explica Acary Oliveira. \u201cS\u00f3 buscando parcerias no cuidado aos pacientes acometidos pela S\u00edndrome P\u00f3s-Poliomileite \u00e9 poss\u00edvel melhorar a qualidade de vida do indiv\u00edduo\u201d.<\/p>\n<p>De acordo com ele, o curso de capacita\u00e7\u00e3o tamb\u00e9m possibilitar\u00e1 descentralizar o tratamento em S\u00e3o Paulo e melhorar o monitoramento dos casos j\u00e1 existentes no Brasil.<\/p>\n<p>O curso \u00e9\u00a0<strong>gratuito<\/strong> e ser\u00e1 realizado em cinco turmas diferentes, com 200 vagas para cada uma delas. A capacita\u00e7\u00e3o \u00e9 voltada \u00e0 especialistas nas \u00e1reas de Neurologia, Ortopedia, Fisiatria, Fonoaudiologia, Fisioterapia, Psicologia, Nutri\u00e7\u00e3o, Educa\u00e7\u00e3o F\u00edsica e Terapia Ocupacional.<\/p>\n<p>O primeiro m\u00f3dulo acontecer\u00e1 nos dias\u00a0<strong>12 e 13 de agosto<\/strong> e, o segundo, nos dias\u00a0<strong>21 e 22 de outubro<\/strong>. As demais turmas ocorrer\u00e3o no primeiro semestre de 2010.<\/p>\n<p>As\u00a0<strong>inscri\u00e7\u00f5es<\/strong> devem ser realizadas exclusivamente pela internet, no site<a href=\"http:\/\/proex.epm.br\/eventos09\/poliomielite\/inscri\u00e7\u00e3o.htm\" target=\"_blank\">http:\/\/proex.epm.br\/eventos09\/poliomielite\/inscri\u00e7\u00e3o.htm<\/a> ,\u00a0<strong>at\u00e9 o dia 10 de agosto,<\/strong><strong> <\/strong>para a<strong> <\/strong><strong>primeira turma.<\/strong> Os interessados em participar do\u00a0<strong>segundo m\u00f3dulo<\/strong>, t\u00eam\u00a0<strong>at\u00e9 o dia 16 de outubro<\/strong> para assegurar a vaga.<\/p>\n<p>Mais informa\u00e7\u00f5es podem ser obtidas no telefone da Pr\u00f3-reitoria de Extens\u00e3o da UNIFESP nos telefones (11) 5576-4717 e 5576-4722.<\/p>\n<p><strong>Entenda o que \u00e9 a S\u00edndrome P\u00f3s-Poliomielite<\/strong><\/p>\n<p>Classificada como um transtorno neurol\u00f3gico que aparece ap\u00f3s 15 anos ou mais em pessoas que foram acometidas pela poliomielite, a S\u00edndrome P\u00f3s-Poliomielite (SSP) \u00e9 caracterizada por um novo quadro sintomatol\u00f3gico que inclui fraqueza muscular e progressiva, fadiga, dores musculares e nas articula\u00e7\u00f5es, que diminuem a capacidade funcional ou, ent\u00e3o, resultam no surgimento de novas incapacidades para o indiv\u00edduo. H\u00e1 pacientes que ainda apresentam dificuldade de degluti\u00e7\u00e3o e respira\u00e7\u00e3o.<\/p>\n<p>O respons\u00e1vel pelo Setor de Investiga\u00e7\u00e3o de Doen\u00e7as Neuromusculares da UNIFESP, Acary B. Oliveira, explica que uma das causas da s\u00edndrome seria pela super-utiliza\u00e7\u00e3o de neur\u00f4nios originalmente afetados pela poliomielite, que foram sobrecarregados ao longo dos anos. Atualmente, o Setor de Neuromuscular da UNIFESP atende aproximadamente 700 pessoas por m\u00eas e registra 804 pacientes com SSP.<\/p>\n<p>Poucos s\u00e3o os dados epidemiol\u00f3gicos em torno dessa nova doen\u00e7a no pa\u00eds. Entretanto, uma pesquisa realizada no Ambulat\u00f3rio do Setor de Investiga\u00e7\u00e3o Neuromusculares da UNIFESP aponta que 77,2% dos 167 pacientes avaliados foram diagnosticados como SSP por apresentarem instala\u00e7\u00e3o de nova fraqueza muscular de origem neurog\u00eanica. Os pacientes com SSP tamb\u00e9m apresentaram, al\u00e9m da nova fraqueza, dor articular (79,8%); fadiga (77,5%); dor muscular (76%); dist\u00farbios do sono (72 %); intoler\u00e2ncia ao frio (69,8%), aumento de peso (58%); nova atrofia (48,8%), problemas respirat\u00f3rios (41%) e disfagia (20,9%).<\/p>\n<p>O tratamento para SPP \u00e9 multidisciplinar e inclui repouso, diminui\u00e7\u00e3o da atividade f\u00edsica, fisioterapia leve, orienta\u00e7\u00e3o alimentar e, em muitos casos, suporte mec\u00e2nico e respirat\u00f3rio.<\/p>\n","protected":false},"excerpt":{"rendered":"<p>Parceria com o Minist\u00e9rio da Sa\u00fade oferecer\u00e1, gratuitamente, aulas te\u00f3ricas e pr\u00e1ticas para profissionais da sa\u00fade Em parceria com o Minist\u00e9rio da Sa\u00fade, a Universidade Federal de S\u00e3o Paulo promover\u00e1, a partir do segundo semestre deste ano, o primeiro curso de capacita\u00e7\u00e3o para o diagn\u00f3stico e tratamento da S\u00edndrome P\u00f3s-Poliomielite (SPP) para profissionais com gradua\u00e7\u00e3o [&hellip;]<\/p>\n","protected":false},"author":2,"featured_media":0,"comment_status":"open","ping_status":"open","sticky":false,"template":"","format":"standard","meta":{"tdm_status":"","tdm_grid_status":"","footnotes":""},"categories":[5],"tags":[],"class_list":{"0":"post-5910","1":"post","2":"type-post","3":"status-publish","4":"format-standard","6":"category-saude-e-vida"},"_links":{"self":[{"href":"https:\/\/migracao.redenoticia.com.br\/noticia\/wp-json\/wp\/v2\/posts\/5910","targetHints":{"allow":["GET"]}}],"collection":[{"href":"https:\/\/migracao.redenoticia.com.br\/noticia\/wp-json\/wp\/v2\/posts"}],"about":[{"href":"https:\/\/migracao.redenoticia.com.br\/noticia\/wp-json\/wp\/v2\/types\/post"}],"author":[{"embeddable":true,"href":"https:\/\/migracao.redenoticia.com.br\/noticia\/wp-json\/wp\/v2\/users\/2"}],"replies":[{"embeddable":true,"href":"https:\/\/migracao.redenoticia.com.br\/noticia\/wp-json\/wp\/v2\/comments?post=5910"}],"version-history":[{"count":0,"href":"https:\/\/migracao.redenoticia.com.br\/noticia\/wp-json\/wp\/v2\/posts\/5910\/revisions"}],"wp:attachment":[{"href":"https:\/\/migracao.redenoticia.com.br\/noticia\/wp-json\/wp\/v2\/media?parent=5910"}],"wp:term":[{"taxonomy":"category","embeddable":true,"href":"https:\/\/migracao.redenoticia.com.br\/noticia\/wp-json\/wp\/v2\/categories?post=5910"},{"taxonomy":"post_tag","embeddable":true,"href":"https:\/\/migracao.redenoticia.com.br\/noticia\/wp-json\/wp\/v2\/tags?post=5910"}],"curies":[{"name":"wp","href":"https:\/\/api.w.org\/{rel}","templated":true}]}}